{"id":92711,"date":"2025-11-29T08:22:13","date_gmt":"2025-11-29T08:22:13","guid":{"rendered":"https:\/\/www.europesays.com\/se\/92711\/"},"modified":"2025-11-29T08:22:13","modified_gmt":"2025-11-29T08:22:13","slug":"talangen-togs-ut-i-halvtid-gustavsson-far-kritik","status":"publish","type":"post","link":"https:\/\/www.europesays.com\/se\/92711\/","title":{"rendered":"Talangen togs ut i halvtid \u2013 Gustavsson f\u00e5r kritik"},"content":{"rendered":"<p>Den allsvenska skyttedrottningen Felicia Schr\u00f6der fick chansen fr\u00e5n start i bronsmatchen i Nations League mot Frankrike. Men efter en jobbig f\u00f6rsta halvlek byttes hon ut redan i halvtid, vilket kritiseras av experter.<\/p>\n<p>\u2013 Vad g\u00e5r hon hem med f\u00f6r k\u00e4nsla efter att ha f\u00e5tt starta, g\u00f6ra misstag och bli utbytt? Att bli utbytt i halvtid \u00e4r \u00e4nd\u00e5 en ganska brysk f\u00f6r\u00e4ndring, s\u00e4ger SVT:s expert Lotta Schelin.<\/p>\n<p>Hennes kollega Elena Sadiku reagerar mest p\u00e5 att mittf\u00e4ltsankaret Filippa Angeldahl ocks\u00e5 blev utbytt i halvtid. I SVT:s s\u00e4ndning kallade hon beslutet \u201dsjukt konstigt\u201d.<\/p>\n<p>Omni \u00e4r politiskt obundna och oberoende. Vi str\u00e4var efter att ge fler perspektiv p\u00e5 nyheterna. Har du fr\u00e5gor eller synpunkter kring v\u00e5r rapportering? <a href=\"https:\/\/omni.se\/talangen-togs-ut-i-halvtid-gustavsson-far-kritik\/a\/mailto:redaktion@omni.se\" class=\"ArticleActions_contactLink__W2F1M\" rel=\"nofollow noopener\" target=\"_blank\">Kontakta redaktionen<\/a><\/p>\n","protected":false},"excerpt":{"rendered":"Den allsvenska skyttedrottningen Felicia Schr\u00f6der fick chansen fr\u00e5n start i bronsmatchen i Nations League mot Frankrike. Men efter&hellip;\n","protected":false},"author":2,"featured_media":92712,"comment_status":"","ping_status":"","sticky":false,"template":"","format":"standard","meta":{"footnotes":""},"categories":[68],"tags":[5420,10774,4273,10776,10775,34,111,110,31,33,32,30],"class_list":{"0":"post-92711","1":"post","2":"type-post","3":"status-publish","4":"format-standard","5":"has-post-thumbnail","7":"category-sport","8":"tag-damlandslaget-i-fotboll","9":"tag-elena-sadiku","10":"tag-felicia-schroder","11":"tag-filippa-angeldahl","12":"tag-lotta-schelin","13":"tag-se","14":"tag-sport","15":"tag-sports","16":"tag-svenska","17":"tag-sverige","18":"tag-sweden","19":"tag-swedish"},"share_on_mastodon":{"url":"https:\/\/pubeurope.com\/@se\/115632022689315904","error":""},"_links":{"self":[{"href":"https:\/\/www.europesays.com\/se\/wp-json\/wp\/v2\/posts\/92711","targetHints":{"allow":["GET"]}}],"collection":[{"href":"https:\/\/www.europesays.com\/se\/wp-json\/wp\/v2\/posts"}],"about":[{"href":"https:\/\/www.europesays.com\/se\/wp-json\/wp\/v2\/types\/post"}],"author":[{"embeddable":true,"href":"https:\/\/www.europesays.com\/se\/wp-json\/wp\/v2\/users\/2"}],"replies":[{"embeddable":true,"href":"https:\/\/www.europesays.com\/se\/wp-json\/wp\/v2\/comments?post=92711"}],"version-history":[{"count":0,"href":"https:\/\/www.europesays.com\/se\/wp-json\/wp\/v2\/posts\/92711\/revisions"}],"wp:featuredmedia":[{"embeddable":true,"href":"https:\/\/www.europesays.com\/se\/wp-json\/wp\/v2\/media\/92712"}],"wp:attachment":[{"href":"https:\/\/www.europesays.com\/se\/wp-json\/wp\/v2\/media?parent=92711"}],"wp:term":[{"taxonomy":"category","embeddable":true,"href":"https:\/\/www.europesays.com\/se\/wp-json\/wp\/v2\/categories?post=92711"},{"taxonomy":"post_tag","embeddable":true,"href":"https:\/\/www.europesays.com\/se\/wp-json\/wp\/v2\/tags?post=92711"}],"curies":[{"name":"wp","href":"https:\/\/api.w.org\/{rel}","templated":true}]}}