{"id":92715,"date":"2025-11-29T08:28:09","date_gmt":"2025-11-29T08:28:09","guid":{"rendered":"https:\/\/www.europesays.com\/se\/92715\/"},"modified":"2025-11-29T08:28:09","modified_gmt":"2025-11-29T08:28:09","slug":"slapp-inte-in-nunnorna-fran-belarus","status":"publish","type":"post","link":"https:\/\/www.europesays.com\/se\/92715\/","title":{"rendered":"Sl\u00e4pp inte in nunnorna fr\u00e5n Belarus"},"content":{"rendered":"<p>Publicerad 29 nov 2025 kl 07.54Uppdaterad kl 08.58<\/p>\n<p>Nunnor fr\u00e5n ett kloster i Belarus bj\u00f6ds in till en svensk kyrka i T\u00e4by, trots att klostret har kopplingar till den ryska staten och st\u00f6der kriget i Ukraina.\u00a0<\/p>\n<p>Nu g\u00e5r Svenska kyrkan ut och avr\u00e5der fr\u00e5n att sl\u00e4ppa in nunnorna i Sverige, rapporterar<a href=\"https:\/\/www.sverigesradio.se\/artikel\/kyrkans-spionlarm-slapp-inte-in-nunnorna-fran-minsk\" rel=\"nofollow noopener\" target=\"_blank\"> P4 Stockholm.<\/a><\/p>\n<p>Ur arkivet: S\u00e5 ska det svenska f\u00f6rsvaret byggas upp<img loading=\"lazy\"   alt=\"\"\/><\/p>\n<p>Tibble kyrka.<\/p>\n<p>Foto: Johan Jeppsson\/TT \/ TT NYHETSBYR\u00c5N<\/p>\n<p>\u00d6ppna bild i helsk\u00e4rm<img loading=\"lazy\"   alt=\"\"\/><\/p>\n<p>Svenska kyrkan varnar f\u00f6r nunnor fr\u00e5n Belarus.<\/p>\n<p>Foto: PETER ENDIG \/ DPA\/IBL<\/p>\n<p>\u00d6ppna bild i helsk\u00e4rm<\/p>\n<p><a href=\"https:\/\/www.expressen.se\/tagg\/organization\/svenska-kyrkan\/\" class=\"\" rel=\"nofollow noopener\" target=\"_blank\">Svenska kyrkan<\/a> har g\u00e5tt ut med en uppmaning till sina f\u00f6rsamlingar om att inte bjuda in nunnor fr\u00e5n ett kloster i Belarus, rapporterar P4 Stockholm.\u00a0<\/p>\n<p>Avr\u00e5dan kommer efter den kritik som uppstod n\u00e4r en f\u00f6rsamling i T\u00e4by utanf\u00f6r Stockholm bj\u00f6d in nunnorna till sin kyrka. Under bes\u00f6ket s\u00e5ldes hantverk s\u00e5 som vantar och ryska dockor.\u00a0<\/p>\n<p>Nunnorna kom fr\u00e5n St Elizabeth, ett kloster som enligt Svenska kyrkan samarbetar med ryska underr\u00e4ttelsetj\u00e4nsten.<\/p>\n<p>\u2013 De st\u00f6der indirekt ryska regimen, vi vill inte medverka till det, s\u00e4ger Lisa-Gun Bernerstedt, chef f\u00f6r civil beredskap p\u00e5 Svenska kyrkan, till P4-kanalen.\u00a0<\/p>\n<p><img loading=\"lazy\"   alt=\"\"\/><\/p>\n<p>Svenska kyrkan g\u00e5r nu ut och avr\u00e5der f\u00f6rsamlingar fr\u00e5n att samarbete med det kontroversiella klostret.<\/p>\n<p>Foto: Svenska kyrkan<\/p>\n<p>\u00d6ppna bild i helsk\u00e4rm<\/p>\n<p>I sin avr\u00e5dan skriver Svenska kyrkan att de uppm\u00e4rksammats p\u00e5 att St Elizabeth h\u00f6r av sig till f\u00f6rsamlingar f\u00f6r att s\u00e4lja hemsl\u00f6jd i samband med advents- och julmarknader.\u00a0<\/p>\n<p>Bernerstedt uppskattar att mellan 10-20 f\u00f6rsamlingar haft samarbete med klostret, som enligt Svenska kyrkan st\u00f6der Rysslands krig i Ukraina sedan 2014. \u00a0<\/p>\n<p>\u201dDe har n\u00e4ra kontakt med GRU, rysk underr\u00e4ttelse- och s\u00e4kerhetstj\u00e4nst, och f\u00f6ljer Moskvapatriarkatet under patriark Kirill\u201d skriver kyrkan i sitt informationsmeddelande.\u00a0<\/p>\n<p>\u2013\u00a0Det vi inte vill \u00e4r att de ska f\u00e5r tillg\u00e5ng till v\u00e5ra plattformar som vi inte vill att den ryska regimen ska ha n\u00e5gon information om, s\u00e4ger Lisa-Gun Bernerstedt till P4.<\/p>\n<p>St Elizabeth s\u00e4ger till P4 Stockholm att anklagelserna om att man g\u00e5r Rysslands \u00e4renden inte st\u00e4mmer och att de pengar som de f\u00e5r in bland annat g\u00e5r till mat till fattiga och \u00e4ldreomsorg. \u00a0<\/p>\n","protected":false},"excerpt":{"rendered":"Publicerad 29 nov 2025 kl 07.54Uppdaterad kl 08.58 Nunnor fr\u00e5n ett kloster i Belarus bj\u00f6ds in till en&hellip;\n","protected":false},"author":2,"featured_media":92716,"comment_status":"","ping_status":"","sticky":false,"template":"","format":"standard","meta":{"footnotes":""},"categories":[5],"tags":[22,23,26,27,17,21,24,25,540,274,10777,202,28,29,15,16,608,18,34,154,31,33,32,30,19,5871,20],"class_list":{"0":"post-92715","1":"post","2":"type-post","3":"status-publish","4":"format-standard","5":"has-post-thumbnail","7":"category-rubriker","8":"tag-breaking-news","9":"tag-breakingnews","10":"tag-featured-news","11":"tag-featurednews","12":"tag-headlines","13":"tag-huvudnyheter","14":"tag-latest-news","15":"tag-latestnews","16":"tag-location-belarus","17":"tag-location-ryssland","18":"tag-location-taby","19":"tag-location-ukraina","20":"tag-main-news","21":"tag-mainnews","22":"tag-news","23":"tag-nyheter","24":"tag-organization-svenska-kyrkan","25":"tag-rubriker","26":"tag-se","27":"tag-sections-sverige","28":"tag-svenska","29":"tag-sverige","30":"tag-sweden","31":"tag-swedish","32":"tag-top-stories","33":"tag-topic-spioneri","34":"tag-topstories"},"share_on_mastodon":{"url":"https:\/\/pubeurope.com\/@se\/115632046270192145","error":""},"_links":{"self":[{"href":"https:\/\/www.europesays.com\/se\/wp-json\/wp\/v2\/posts\/92715","targetHints":{"allow":["GET"]}}],"collection":[{"href":"https:\/\/www.europesays.com\/se\/wp-json\/wp\/v2\/posts"}],"about":[{"href":"https:\/\/www.europesays.com\/se\/wp-json\/wp\/v2\/types\/post"}],"author":[{"embeddable":true,"href":"https:\/\/www.europesays.com\/se\/wp-json\/wp\/v2\/users\/2"}],"replies":[{"embeddable":true,"href":"https:\/\/www.europesays.com\/se\/wp-json\/wp\/v2\/comments?post=92715"}],"version-history":[{"count":0,"href":"https:\/\/www.europesays.com\/se\/wp-json\/wp\/v2\/posts\/92715\/revisions"}],"wp:featuredmedia":[{"embeddable":true,"href":"https:\/\/www.europesays.com\/se\/wp-json\/wp\/v2\/media\/92716"}],"wp:attachment":[{"href":"https:\/\/www.europesays.com\/se\/wp-json\/wp\/v2\/media?parent=92715"}],"wp:term":[{"taxonomy":"category","embeddable":true,"href":"https:\/\/www.europesays.com\/se\/wp-json\/wp\/v2\/categories?post=92715"},{"taxonomy":"post_tag","embeddable":true,"href":"https:\/\/www.europesays.com\/se\/wp-json\/wp\/v2\/tags?post=92715"}],"curies":[{"name":"wp","href":"https:\/\/api.w.org\/{rel}","templated":true}]}}