{"id":92734,"date":"2025-11-29T09:00:33","date_gmt":"2025-11-29T09:00:33","guid":{"rendered":"https:\/\/www.europesays.com\/se\/92734\/"},"modified":"2025-11-29T09:00:33","modified_gmt":"2025-11-29T09:00:33","slug":"svt-chefen-anne-lagercrantz-slar-tillbaka-mot-sd-politiska-forhor","status":"publish","type":"post","link":"https:\/\/www.europesays.com\/se\/92734\/","title":{"rendered":"SVT-chefen Anne Lagercrantz sl\u00e5r tillbaka mot SD: \u201dPolitiska f\u00f6rh\u00f6r\u201d"},"content":{"rendered":"<p>Publicerad 29 nov 2025 kl 08.54<\/p>\n<p>SD ville kalla SVT:s ledning till till riksdagen.<\/p>\n<p>Nu sl\u00e5r vd:n Anne Lagercrantz tillbaka efter kritiken om fulklippning, AI-missen och egna makens \u201dsemester\u201d.<\/p>\n<p>\u2013 Det SD \u00f6ppnar f\u00f6r \u00e4r en ordning med ett slags politiska f\u00f6rh\u00f6r, s\u00e4ger Anne Lagercrantz, i <a href=\"https:\/\/www.sverigesradio.se\/avsnitt\/svts-vd-anne-lagercrantz-ett-bedrovligt-och-pinsamt-fel\" rel=\"nofollow noopener\" target=\"_blank\">Ekots L\u00f6rdagsintervju<\/a>.<\/p>\n<p>Nyheter, reportage och analyser i Sverige och i \u00f6vriga v\u00e4rlden.<img   alt=\"\"\/><\/p>\n<p>Anne Lagercrantz med maken David Lagercrantz.<\/p>\n<p>Foto: IDA \u00c5KESSON \/ SPA<\/p>\n<p>\u00d6ppna bild i helsk\u00e4rm<img loading=\"lazy\"   alt=\"\"\/><\/p>\n<p>SVT:s vd Anne Lagercrantz.<\/p>\n<p>Foto: ANNA-KARIN NILSSON<\/p>\n<p>\u00d6ppna bild i helsk\u00e4rm<img loading=\"lazy\"   alt=\"\"\/><\/p>\n<p>Sverigedemokraternas partiledare Jimmie \u00c5kesson.<\/p>\n<p>Foto: SVEN LINDWALL<\/p>\n<p>\u00d6ppna bild i helsk\u00e4rm<\/p>\n<p>Sverigedemokraterna gick i veckan till h\u00e5rt angrepp mot SVT efter vad partiet kallar \u201dflera allvarliga h\u00e4ndelser\u201d. Det handlar bland annat om en klippning av Trumps tal innan stormningen av Kapitolium och att \u201dAgenda\u201d publicerat AI-genererat material.<\/p>\n<p>Det fick SD att kalla SVT:s ledning till riksdagens kulturutskott, vilket <a href=\"https:\/\/www.expressen.se\/nyheter\/politik\/inget-stod-for-sd\" rel=\"nofollow noopener\" target=\"_blank\">de andra partierna dock <\/a><a href=\"https:\/\/www.expressen.se\/nyheter\/politik\/inget-stod-for-sd\" rel=\"nofollow noopener\" target=\"_blank\">motsatte sig<\/a>.<\/p>\n<p>I Ekots L\u00f6rdagsintervju upprepar <a href=\"https:\/\/www.expressen.se\/tagg\/person\/anne-lagercrantz\/\" class=\"\" rel=\"nofollow noopener\" target=\"_blank\">Anne Lagercrantz<\/a> SVT:s f\u00f6rklaringar till h\u00e4ndelserna, men varnar ocks\u00e5 f\u00f6r att SD:s agerande kan rucka p\u00e5 public services oberoende.<\/p>\n<p>\u2013 Det \u00e4r djupt problematiskt. Det \u00e4r bra att vi granskas, men det h\u00e4r \u00e4r n\u00e5gonting annat, f\u00f6r det SD \u00f6ppnar f\u00f6r \u00e4r en ordning med ett slags politiska f\u00f6rh\u00f6r. En detaljstyrning av inneh\u00e5llet, s\u00e4ger Anne Lagercrantz, i intervjun, och h\u00e4nvisar till det pressetiska system som finns.<\/p>\n<p>Efter makens \u201dsemester\u201d: Offentlig person<\/p>\n<p>SD riktade ocks\u00e5 kritik mot att Anne Lagercrantz make, f\u00f6rfattaren David Lagercrantz, varit med i programmet \u201dSemester med Garplind\u201d. N\u00e5got SVT f\u00f6rklarat med att planeringen av programmet skedde innan hon blev vd.<\/p>\n<p>\u2013 P\u00e5 en personlig niv\u00e5 tycker jag s\u00e5 klart att det \u00e4r tr\u00e5kigt n\u00e4r debatten handlar om mig och inte programmen. Men p\u00e5 en principiell niv\u00e5 s\u00e5 \u00e4r de h\u00e4r besluten delegerade, det \u00e4r inte jag som vd som \u00e4r inne och avg\u00f6r vilka som medverkar eller vilka program som ska g\u00f6ras, s\u00e4ger Anne Lagercrantz, till radion.<\/p>\n<p>I programmet f\u00e5r hon fr\u00e5gan om hon inte kunde ha pratat med sin man om hur det kunde p\u00e5verka f\u00f6rtroendet f\u00f6r SVT.<\/p>\n<p>\u2013 Min man \u00e4r ju en offentlig person och han f\u00e5r v\u00e4ldigt m\u00e5nga fr\u00e5gor i olika sammanhang och det \u00e4r inte jag involverad i, s\u00e4ger hon.<\/p>\n<p><strong>L\u00c4S MER: <\/strong><a href=\"https:\/\/www.expressen.se\/nyheter\/politik\/sd-vill-kalla-svt-till-riksdagen\/\" class=\"\" rel=\"nofollow noopener\" target=\"_blank\">SD vill kalla SVT till riksdagens kulturutskott<\/a><strong>L\u00c4S MER: <\/strong><a href=\"https:\/\/www.expressen.se\/nyheter\/sverige\/svts-agenda-visade-ai-klipp-som-akta\/\" class=\"\" rel=\"nofollow noopener\" target=\"_blank\">SVT:s Agenda visade AI-klipp som \u00e4kta<\/a><\/p>\n","protected":false},"excerpt":{"rendered":"Publicerad 29 nov 2025 kl 08.54 SD ville kalla SVT:s ledning till till riksdagen. Nu sl\u00e5r vd:n Anne&hellip;\n","protected":false},"author":2,"featured_media":92735,"comment_status":"","ping_status":"","sticky":false,"template":"","format":"standard","meta":{"footnotes":""},"categories":[5],"tags":[22,23,26,27,17,21,24,25,28,29,15,16,38,361,10778,10779,18,34,154,31,33,32,30,19,205,10780,20],"class_list":{"0":"post-92734","1":"post","2":"type-post","3":"status-publish","4":"format-standard","5":"has-post-thumbnail","7":"category-rubriker","8":"tag-breaking-news","9":"tag-breakingnews","10":"tag-featured-news","11":"tag-featurednews","12":"tag-headlines","13":"tag-huvudnyheter","14":"tag-latest-news","15":"tag-latestnews","16":"tag-main-news","17":"tag-mainnews","18":"tag-news","19":"tag-nyheter","20":"tag-organization-sverigedemokraterna","21":"tag-organization-svt","22":"tag-person-anne-lagercrantz","23":"tag-person-david-lagercrantz","24":"tag-rubriker","25":"tag-se","26":"tag-sections-sverige","27":"tag-svenska","28":"tag-sverige","29":"tag-sweden","30":"tag-swedish","31":"tag-top-stories","32":"tag-topic-journalistik-medier","33":"tag-topic-public-service","34":"tag-topstories"},"share_on_mastodon":{"url":"https:\/\/pubeurope.com\/@se\/115632172124928125","error":""},"_links":{"self":[{"href":"https:\/\/www.europesays.com\/se\/wp-json\/wp\/v2\/posts\/92734","targetHints":{"allow":["GET"]}}],"collection":[{"href":"https:\/\/www.europesays.com\/se\/wp-json\/wp\/v2\/posts"}],"about":[{"href":"https:\/\/www.europesays.com\/se\/wp-json\/wp\/v2\/types\/post"}],"author":[{"embeddable":true,"href":"https:\/\/www.europesays.com\/se\/wp-json\/wp\/v2\/users\/2"}],"replies":[{"embeddable":true,"href":"https:\/\/www.europesays.com\/se\/wp-json\/wp\/v2\/comments?post=92734"}],"version-history":[{"count":0,"href":"https:\/\/www.europesays.com\/se\/wp-json\/wp\/v2\/posts\/92734\/revisions"}],"wp:featuredmedia":[{"embeddable":true,"href":"https:\/\/www.europesays.com\/se\/wp-json\/wp\/v2\/media\/92735"}],"wp:attachment":[{"href":"https:\/\/www.europesays.com\/se\/wp-json\/wp\/v2\/media?parent=92734"}],"wp:term":[{"taxonomy":"category","embeddable":true,"href":"https:\/\/www.europesays.com\/se\/wp-json\/wp\/v2\/categories?post=92734"},{"taxonomy":"post_tag","embeddable":true,"href":"https:\/\/www.europesays.com\/se\/wp-json\/wp\/v2\/tags?post=92734"}],"curies":[{"name":"wp","href":"https:\/\/api.w.org\/{rel}","templated":true}]}}