{"id":92738,"date":"2025-11-29T09:12:08","date_gmt":"2025-11-29T09:12:08","guid":{"rendered":"https:\/\/www.europesays.com\/se\/92738\/"},"modified":"2025-11-29T09:12:08","modified_gmt":"2025-11-29T09:12:08","slug":"ex-formel-1-foraren-haktad-misstankt-for-bedrageri","status":"publish","type":"post","link":"https:\/\/www.europesays.com\/se\/92738\/","title":{"rendered":"Ex-Formel 1-f\u00f6raren h\u00e4ktad \u2013 misst\u00e4nkt f\u00f6r bedr\u00e4geri"},"content":{"rendered":"<p>Den tidigare Formel 1-f\u00f6raren Adrian Sutil fr\u00e5n Tyskland har gripits i en internationell insats, misst\u00e4nkt f\u00f6r bokf\u00f6ringsbrott och bedr\u00e4geri, rapporterar tyska Bild.<\/p>\n<p>Ut\u00f6ver framg\u00e5ngarna inom sporten har Sutil varit omg\u00e4rdad av kontroverser. Bland annat st\u00e4mde han sitt stall f\u00f6r uteblivna int\u00e4kter. Han var \u00e4ven inblandad i en incident vid en nattklubb 2011 och d\u00f6mdes f\u00f6r grov misshandel \u00e5ret d\u00e4rp\u00e5, skriver Daily Mail.<\/p>\n<p>\u00c5klagarmyndigheten i Stuttgart bekr\u00e4ftar att man genomf\u00f6rt en r\u00e4d mot flera fastigheter tillsammans med Baden-W\u00fcrttembergs statspolis. Liknande razzior har \u00e4ven genomf\u00f6rts i Monaco och Schweiz.<\/p>\n<p>Omni \u00e4r politiskt obundna och oberoende. Vi str\u00e4var efter att ge fler perspektiv p\u00e5 nyheterna. Har du fr\u00e5gor eller synpunkter kring v\u00e5r rapportering? <a href=\"https:\/\/omni.se\/ex-formel-1-foraren-haktad-misstankt-for-bedrageri\/a\/mailto:redaktion@omni.se\" class=\"ArticleActions_contactLink__W2F1M\" rel=\"nofollow noopener\" target=\"_blank\">Kontakta redaktionen<\/a><\/p>\n","protected":false},"excerpt":{"rendered":"Den tidigare Formel 1-f\u00f6raren Adrian Sutil fr\u00e5n Tyskland har gripits i en internationell insats, misst\u00e4nkt f\u00f6r bokf\u00f6ringsbrott och&hellip;\n","protected":false},"author":2,"featured_media":92739,"comment_status":"","ping_status":"","sticky":false,"template":"","format":"standard","meta":{"footnotes":""},"categories":[68],"tags":[1847,120,10781,34,111,110,31,33,32,30],"class_list":{"0":"post-92738","1":"post","2":"type-post","3":"status-publish","4":"format-standard","5":"has-post-thumbnail","7":"category-sport","8":"tag-formel-1","9":"tag-lag-ratt","10":"tag-motor","11":"tag-se","12":"tag-sport","13":"tag-sports","14":"tag-svenska","15":"tag-sverige","16":"tag-sweden","17":"tag-swedish"},"share_on_mastodon":{"url":"https:\/\/pubeurope.com\/@se\/115632219284132181","error":""},"_links":{"self":[{"href":"https:\/\/www.europesays.com\/se\/wp-json\/wp\/v2\/posts\/92738","targetHints":{"allow":["GET"]}}],"collection":[{"href":"https:\/\/www.europesays.com\/se\/wp-json\/wp\/v2\/posts"}],"about":[{"href":"https:\/\/www.europesays.com\/se\/wp-json\/wp\/v2\/types\/post"}],"author":[{"embeddable":true,"href":"https:\/\/www.europesays.com\/se\/wp-json\/wp\/v2\/users\/2"}],"replies":[{"embeddable":true,"href":"https:\/\/www.europesays.com\/se\/wp-json\/wp\/v2\/comments?post=92738"}],"version-history":[{"count":0,"href":"https:\/\/www.europesays.com\/se\/wp-json\/wp\/v2\/posts\/92738\/revisions"}],"wp:featuredmedia":[{"embeddable":true,"href":"https:\/\/www.europesays.com\/se\/wp-json\/wp\/v2\/media\/92739"}],"wp:attachment":[{"href":"https:\/\/www.europesays.com\/se\/wp-json\/wp\/v2\/media?parent=92738"}],"wp:term":[{"taxonomy":"category","embeddable":true,"href":"https:\/\/www.europesays.com\/se\/wp-json\/wp\/v2\/categories?post=92738"},{"taxonomy":"post_tag","embeddable":true,"href":"https:\/\/www.europesays.com\/se\/wp-json\/wp\/v2\/tags?post=92738"}],"curies":[{"name":"wp","href":"https:\/\/api.w.org\/{rel}","templated":true}]}}