{"id":92742,"date":"2025-11-29T09:20:12","date_gmt":"2025-11-29T09:20:12","guid":{"rendered":"https:\/\/www.europesays.com\/se\/92742\/"},"modified":"2025-11-29T09:20:12","modified_gmt":"2025-11-29T09:20:12","slug":"alla-svenskor-vidare-fran-kvalet-oro-for-emma-ribom-langdskidor","status":"publish","type":"post","link":"https:\/\/www.europesays.com\/se\/92742\/","title":{"rendered":"Alla svenskor vidare fr\u00e5n kvalet \u2013 oro f\u00f6r Emma Ribom | L\u00e4ngdskidor"},"content":{"rendered":"<p>Publicerad 29 nov 2025 kl 09.18Uppdaterad kl 10.10<\/p>\n<p>Svensk succ\u00e9 i sprintkvalet i Ruka.\u00a0<\/p>\n<p>Samtliga svenskor tog sig till final \u2013 men det finns oro f\u00f6r Emma Ribom som gick vidare som sista \u00e5kare.\u00a0<\/p>\n<p>Sen slog Alvar Myhlback och blev b\u00e4ste svensk i herrkvalet.\u00a0<\/p>\n<p><img loading=\"lazy\"   alt=\"\"\/> <\/p>\n<p>Foto: MARIUS SIMENSEN \/ BILDBYR\u00c5N<\/p>\n<p>\u00d6ppna bild i helsk\u00e4rm<img loading=\"lazy\"   alt=\"\"\/> <\/p>\n<p>Foto: Terje Pedersen \/ NTB \/ TT NYHETSBYR\u00c5N<\/p>\n<p>\u00d6ppna bild i helsk\u00e4rm<\/p>\n<p>B\u00e5de 2022 och 2023 tog <a href=\"https:\/\/www.expressen.se\/tagg\/person\/emma-ribom\/\" class=\"\" rel=\"nofollow noopener\" target=\"_blank\">Emma Ribom<\/a> hem segern i den klassiska sprinten i Ruka och brukas trivas bra i den nordfinl\u00e4ndska orten.\u00a0<\/p>\n<p>Men hennes insats i prologen imponerade inte.\u00a0<\/p>\n<p>Samtliga sex svenskor tog sig vidare till final, d\u00e4r Johanna Hagstr\u00f6m var starkast av samtliga \u00e5kare, men Emma Ribom hade det tufft.\u00a0<\/p>\n<p>Hon tog sig vidare som 30:e och sista \u00e5kare \u2013 med en ynka hundradels marginal \u00f6ver \u00f6sterrikiskan Magdalena Scherz.\u00a0<\/p>\n<p>\u2013 Jag rynkar lite p\u00e5 n\u00e4san \u00e5t hennes m\u00f6jligheter, s\u00e4ger Viaplaykommentatorn Jonas Karlsson.<\/p>\n<p>Svenska damplaceringarna i prologen<\/p>\n<p>1. Johanna Hagstr\u00f6m<\/p>\n<p>6. Maja Dahlqvist<\/p>\n<p>7. Jonna Sundling<\/p>\n<p>9. Moa Ilar<\/p>\n<p>23. Moa Lundgren<\/p>\n<p>30. Emma Ribom<\/p>\n<p>Visa mer<\/p>\n<p>Maja Dahlqvist s\u00e4ger att det var utmanande f\u00f6rh\u00e5llanden p\u00e5 banan.\u00a0<\/p>\n<p>\u2013 Det \u00e4r sv\u00e5rt att lita p\u00e5 att det ska g\u00e5 fort. Sn\u00f6n \u00e4r l\u00f6s, s\u00e5 det \u00e4r n\u00e4stan s\u00e5 att stavarna klibbar fast. De g\u00e5r ner mycket djupare \u00e4n vanligt, s\u00e4ger hon.\u00a0<\/p>\n<p>Dahlqvist hoppas att lagkompisen Ribom f\u00e5r till n\u00e5got b\u00e4ttre i heaten.\u00a0<\/p>\n<p>\u2013 Det var tur att hon klarade sig. Hon \u00e4r s\u00e5 stark att hon ska g\u00e5 vidare.\u00a0<\/p>\n<p>Alvar Myhlback b\u00e4ste svensk i herrklassen<\/p>\n<p>I herrkvalet var det inte lika mycket svenskt i topp. Faktum \u00e4r att ingen svensk knep en plats bland de tio b\u00e4sta.\u00a0<\/p>\n<p>B\u00e4ste svenska herre var Alvar Myhlback som slog till med ett dunderkval och \u00e5kte in p\u00e5 15:e plats. Han f\u00e5r s\u00e4llskap i finalen av Edvin Anger, Emil Danielsson och Anton Grahn.\u00a0<\/p>\n<p>Marcus Grate och Jesper Persson slogs ut.\u00a0<\/p>\n<p>\u2013 Det g\u00e5r inte fort nog&#8230; det saknas mycket, s\u00e4ger Grate.\u00a0<\/p>\n<p>\u2013 Jag visar att jag inte ska vara p\u00e5 v\u00e4rldscupen just nu. Vi ska ha sex grabbar som g\u00e5r vidare, det klarar vi inte och d\u00e5 f\u00f6rtj\u00e4nar jag inte att \u00e5ka i Trondheim n\u00e4sta vecka.\u00a0<\/p>\n<p>Svenska herrplaceringarna i prologen<\/p>\n<p>15. Alvar Myhlback<\/p>\n<p>17. Edvin Anger<\/p>\n<p>21. Emil Danielsson<\/p>\n<p>30. Anton Grahn<\/p>\n<p>41. Marcus Grate<\/p>\n<p>54. Jesper Persson<\/p>\n<p>Visa mer<\/p>\n","protected":false},"excerpt":{"rendered":"Publicerad 29 nov 2025 kl 09.18Uppdaterad kl 10.10 Svensk succ\u00e9 i sprintkvalet i Ruka.\u00a0 Samtliga svenskor tog sig&hellip;\n","protected":false},"author":2,"featured_media":92743,"comment_status":"","ping_status":"","sticky":false,"template":"","format":"standard","meta":{"footnotes":""},"categories":[68],"tags":[3483,34,857,111,110,31,33,32,30],"class_list":{"0":"post-92742","1":"post","2":"type-post","3":"status-publish","4":"format-standard","5":"has-post-thumbnail","7":"category-sport","8":"tag-person-emma-ribom","9":"tag-se","10":"tag-sections-langdskidor","11":"tag-sport","12":"tag-sports","13":"tag-svenska","14":"tag-sverige","15":"tag-sweden","16":"tag-swedish"},"share_on_mastodon":{"url":"https:\/\/pubeurope.com\/@se\/115632250869496744","error":""},"_links":{"self":[{"href":"https:\/\/www.europesays.com\/se\/wp-json\/wp\/v2\/posts\/92742","targetHints":{"allow":["GET"]}}],"collection":[{"href":"https:\/\/www.europesays.com\/se\/wp-json\/wp\/v2\/posts"}],"about":[{"href":"https:\/\/www.europesays.com\/se\/wp-json\/wp\/v2\/types\/post"}],"author":[{"embeddable":true,"href":"https:\/\/www.europesays.com\/se\/wp-json\/wp\/v2\/users\/2"}],"replies":[{"embeddable":true,"href":"https:\/\/www.europesays.com\/se\/wp-json\/wp\/v2\/comments?post=92742"}],"version-history":[{"count":0,"href":"https:\/\/www.europesays.com\/se\/wp-json\/wp\/v2\/posts\/92742\/revisions"}],"wp:featuredmedia":[{"embeddable":true,"href":"https:\/\/www.europesays.com\/se\/wp-json\/wp\/v2\/media\/92743"}],"wp:attachment":[{"href":"https:\/\/www.europesays.com\/se\/wp-json\/wp\/v2\/media?parent=92742"}],"wp:term":[{"taxonomy":"category","embeddable":true,"href":"https:\/\/www.europesays.com\/se\/wp-json\/wp\/v2\/categories?post=92742"},{"taxonomy":"post_tag","embeddable":true,"href":"https:\/\/www.europesays.com\/se\/wp-json\/wp\/v2\/tags?post=92742"}],"curies":[{"name":"wp","href":"https:\/\/api.w.org\/{rel}","templated":true}]}}