{"id":92750,"date":"2025-11-29T09:31:08","date_gmt":"2025-11-29T09:31:08","guid":{"rendered":"https:\/\/www.europesays.com\/se\/92750\/"},"modified":"2025-11-29T09:31:08","modified_gmt":"2025-11-29T09:31:08","slug":"bade-stad-och-landsbygd-gynnas-i-nationell-plan-jarnvagar-nu","status":"publish","type":"post","link":"https:\/\/www.europesays.com\/se\/92750\/","title":{"rendered":"&#8221;B\u00e5de stad och landsbygd gynnas i nationell plan&#8221; \u2013 J\u00e4rnv\u00e4gar.nu"},"content":{"rendered":"<p>\u201cSamh\u00e4llsekonomisk l\u00f6nsamhet har varit en viktig v\u00e4gledande princip i planarbetet. I linje med detta har vi ocks\u00e5 ompr\u00f6vat objekt och d\u00e4rmed l\u00e4mnat plats \u00e5t nya investeringar som skapar mer nytta f\u00f6r medborgare och n\u00e4ringsliv\u201d, s\u00e4ger Jonas Eliasson.<\/p>\n<p>Ett mindre antal objekt med h\u00f6ga investeringskostnader har inte ompr\u00f6vats, bland annat p\u00e5 grund av att de befinner sig l\u00e5ngt framme i planeringsfasen. Dessa objekt f\u00f6rklarar att l\u00f6nsamheten f\u00f6r investeringarna totalt sett blir negativ. J\u00e4mf\u00f6rt med f\u00f6reg\u00e5ende plan har de nya objekten inneburit ett betydligt lyft f\u00f6r l\u00f6nsamheten.<\/p>\n<p>Stora systemeffekter inom j\u00e4rnv\u00e4gen<\/p>\n<p>En systemanalys har gjorts p\u00e5 j\u00e4rnv\u00e4g f\u00f6r utvalda str\u00e5k. Analyserna visar p\u00e5 stora synergieffekter genom att objektens samlade nytta blir st\u00f6rre \u00e4n summan av de enskilda objekten. Dessa effekter f\u00e5ngades redan i de samh\u00e4llsekonomiska kalkylerna som l\u00e5g till grund f\u00f6r val av \u00e5tg\u00e4rder i planf\u00f6rslaget, och rangordningen av objekt f\u00f6r\u00e4ndras d\u00e4rf\u00f6r inte.<\/p>\n<p>\u201cSlutligen visar effektbed\u00f6mningen att planf\u00f6rslaget bidrar till att n\u00e5 de transportpolitiska m\u00e5len, samtidigt som det finns andra faktorer utanf\u00f6r planf\u00f6rslaget som \u00e4r centrala f\u00f6r m\u00e5luppfyllelsen\u201d, s\u00e4ger Jonas Eliasson. \u00a0<\/p>\n<p>Regeringen f\u00f6rv\u00e4ntas fatta beslut om planf\u00f6rslaget under v\u00e5ren 2026.<\/p>\n<p>L\u00e4s rapporten <a href=\"https:\/\/urn.kb.se\/resolve?urn=urn:nbn:se:trafikverket:diva-21852\" rel=\"nofollow noopener\" target=\"_blank\">Planf\u00f6rslagens samlade effekter<\/a>\u00a0<\/p>\n<p>L\u00e4s mer om <a href=\"https:\/\/bransch.trafikverket.se\/nationellplan\" rel=\"nofollow noopener\" target=\"_blank\">Trafikverkets nationell plan f\u00f6r transportinfrastrukturen 2026\u25002037<\/a><\/p>\n","protected":false},"excerpt":{"rendered":"\u201cSamh\u00e4llsekonomisk l\u00f6nsamhet har varit en viktig v\u00e4gledande princip i planarbetet. I linje med detta har vi ocks\u00e5 ompr\u00f6vat&hellip;\n","protected":false},"author":2,"featured_media":92751,"comment_status":"","ping_status":"","sticky":false,"template":"","format":"standard","meta":{"footnotes":""},"categories":[65],"tags":[72,70,71,367,34,31,33,32,30,4800],"class_list":{"0":"post-92750","1":"post","2":"type-post","3":"status-publish","4":"format-standard","5":"has-post-thumbnail","7":"category-ekonomi","8":"tag-business","9":"tag-economy","10":"tag-ekonomi","11":"tag-infrastruktur","12":"tag-se","13":"tag-svenska","14":"tag-sverige","15":"tag-sweden","16":"tag-swedish","17":"tag-trafikpolitik"},"share_on_mastodon":{"url":"https:\/\/pubeurope.com\/@se\/115632293999014068","error":""},"_links":{"self":[{"href":"https:\/\/www.europesays.com\/se\/wp-json\/wp\/v2\/posts\/92750","targetHints":{"allow":["GET"]}}],"collection":[{"href":"https:\/\/www.europesays.com\/se\/wp-json\/wp\/v2\/posts"}],"about":[{"href":"https:\/\/www.europesays.com\/se\/wp-json\/wp\/v2\/types\/post"}],"author":[{"embeddable":true,"href":"https:\/\/www.europesays.com\/se\/wp-json\/wp\/v2\/users\/2"}],"replies":[{"embeddable":true,"href":"https:\/\/www.europesays.com\/se\/wp-json\/wp\/v2\/comments?post=92750"}],"version-history":[{"count":0,"href":"https:\/\/www.europesays.com\/se\/wp-json\/wp\/v2\/posts\/92750\/revisions"}],"wp:featuredmedia":[{"embeddable":true,"href":"https:\/\/www.europesays.com\/se\/wp-json\/wp\/v2\/media\/92751"}],"wp:attachment":[{"href":"https:\/\/www.europesays.com\/se\/wp-json\/wp\/v2\/media?parent=92750"}],"wp:term":[{"taxonomy":"category","embeddable":true,"href":"https:\/\/www.europesays.com\/se\/wp-json\/wp\/v2\/categories?post=92750"},{"taxonomy":"post_tag","embeddable":true,"href":"https:\/\/www.europesays.com\/se\/wp-json\/wp\/v2\/tags?post=92750"}],"curies":[{"name":"wp","href":"https:\/\/api.w.org\/{rel}","templated":true}]}}