{"id":92753,"date":"2025-11-29T09:38:11","date_gmt":"2025-11-29T09:38:11","guid":{"rendered":"https:\/\/www.europesays.com\/se\/92753\/"},"modified":"2025-11-29T09:38:11","modified_gmt":"2025-11-29T09:38:11","slug":"svenska-hushall-uppmanas-kontrollera-din-router","status":"publish","type":"post","link":"https:\/\/www.europesays.com\/se\/92753\/","title":{"rendered":"Svenska hush\u00e5ll uppmanas \u2013 kontrollera din router"},"content":{"rendered":"<p>F\u00f6rsamlingarna uppmanas att inte v\u00e4lkomna en grupp med nunnor, som \u00e4r p\u00e5 bes\u00f6k i Sverige.<\/p>\n<p>Nunnorna \u00e4r hemmah\u00f6rande i ett kloster i Belarus huvudstad Minsk.<\/p>\n<p>Svenska kyrkan menar att de samarbetar med den ryska staten, och tar d\u00e4rf\u00f6r avst\u00e5nd fr\u00e5n deras arbete.<\/p>\n<p>\u2013 De st\u00f6djer den ryska regimen indirekt och vi vill inte medverka det, s\u00e4ger Svenska kyrkans chef f\u00f6r civil beredskap, Lisa-Gun Bernerstedt, till SR.<\/p>\n<p><strong>Var p\u00e5 bes\u00f6k f\u00f6rra veckan<\/strong><\/p>\n<p>Redan i f\u00f6rra veckan var nunnorna fr\u00e5n Minsk p\u00e5 bes\u00f6k i Tibble kyrka i T\u00e4by.<\/p>\n<p>D\u00e4r s\u00e5lde de hantverksprodukter.<\/p>\n<p>Syftet med f\u00f6rs\u00e4ljningen \u00e4r att samla inte pengar till beh\u00f6vande och \u00e4ldre, framh\u00e5ller klostret och f\u00f6rnekar att man p\u00e5 n\u00e5got s\u00e4tt st\u00f6djer den ryska regimen, rapporterar radiokanalen.<\/p>\n<p>Men Svenska kyrkan tror inte p\u00e5 den versionen.<\/p>\n<p>\u2013 Det vi inte vill \u00e4r att de ska f\u00e5 den h\u00e4r plattformen. Man s\u00f6ker sig ofta till sammanhang som vi inte vill att den ryska regimen ska ha tillg\u00e5ng till p\u00e5 n\u00e5got s\u00e4tt, s\u00e4ger Lisa-Gun Bernerstedt.<\/p>\n<p><strong>Ryska kyrkor i Sverige<\/strong><\/p>\n<p>Ryssland \u00e4r k\u00e4nt f\u00f6r att utf\u00f6ra olika former av spionage och hybridkrigsf\u00f6ring i Europa, s\u00e5 ocks\u00e5 i Sverige.<\/p>\n<p>Den senaste tiden har exempelvis en rysk-ortodox kyrka, som byggts n\u00e4ra V\u00e4ster\u00e5s flygplats, v\u00e4ckt stor uppst\u00e5ndelse.<\/p>\n<p>Anledningen \u00e4r kyrkans n\u00e4ra band till den ryska staten.<\/p>\n<p>Kommunstyrelsen vill att regeringen ska ta \u00f6ver fastigheten och tvinga f\u00f6rsamlingen att flytta.<\/p>\n<p>\u2013 S\u00e4kerhetsl\u00e4get \u00e4r ett annat och det finns milit\u00e4ra \u00e4ndam\u00e5l som m\u00e5ste skyddas, s\u00e4ger Staffan Jansson (S) som \u00e4r ordf\u00f6rande i kommunstyrelsen i V\u00e4ster\u00e5s, till SVT.<\/p>\n<p>L\u00c4S OCKS\u00c5: <a href=\"https:\/\/ekonomibladet.se\/jattestod-till-ukraina-storsta-sedan-invasionen-borjade\/\" rel=\"nofollow noopener\" target=\"_blank\">J\u00e4ttest\u00f6d till Ukraina \u2013 \u201dSt\u00f6rsta sedan invasionen b\u00f6rjade\u201d<\/a><\/p>\n<p><strong>Fakta Svenska kyrkan<\/strong><\/p>\n<p>&#8211; Svenska kyrkan har drygt 5,4 miljoner medlemmar.<\/p>\n<p>&#8211; Kyrkan \u00e4r indelad i 13 stift.<\/p>\n<p>&#8211; I stiften finns 1 271 f\u00f6rsamlingar i Sverige och 26 f\u00f6rsamlingar utomlands.<\/p>\n<p>&#8211; Svenska kyrkan har 3 400 invigda kyrkor, varav 2 951 var skyddade enligt kulturmilj\u00f6lagen.\u00a0<\/p>\n<p>&#8211; Act Svenska kyrkan \u00e4r Svenska kyrkans internationella bist\u00e5nds- och utvecklingsverksamhet.<\/p>\n<p>&#8211; Tillsammans med andra arbetar Act Svenska kyrkan l\u00e5ngsiktigt mot fattigdom, f\u00f6rtryck och or\u00e4ttvisor och agerar snabbt vid katastrofer.<\/p>\n<p>K\u00e4lla: Svenska kyrkan<\/p>\n<p>L\u00c4S MER: <a href=\"https:\/\/ekonomibladet.se\/ukraina-vagrar-beskedet-till-trump-och-putin\/\" rel=\"nofollow noopener\" target=\"_blank\">Ukraina v\u00e4grar \u2013 beskedet till Trump och Putin<\/a><\/p>\n<p>Foto: \u00c5. Paulsson Svenska kyrkan<\/p>\n<p>Text: Redaktionen<\/p>\n","protected":false},"excerpt":{"rendered":"F\u00f6rsamlingarna uppmanas att inte v\u00e4lkomna en grupp med nunnor, som \u00e4r p\u00e5 bes\u00f6k i Sverige. Nunnorna \u00e4r hemmah\u00f6rande&hellip;\n","protected":false},"author":2,"featured_media":92754,"comment_status":"","ping_status":"","sticky":false,"template":"","format":"standard","meta":{"footnotes":""},"categories":[66],"tags":[80,78,79,34,31,33,32,30,81,84,83,82],"class_list":{"0":"post-92753","1":"post","2":"type-post","3":"status-publish","4":"format-standard","5":"has-post-thumbnail","7":"category-vetenskap-och-teknik","8":"tag-science","9":"tag-science-and-technology","10":"tag-scienceandtechnology","11":"tag-se","12":"tag-svenska","13":"tag-sverige","14":"tag-sweden","15":"tag-swedish","16":"tag-technology","17":"tag-teknik","18":"tag-vetenskap","19":"tag-vetenskapteknik"},"share_on_mastodon":{"url":"https:\/\/pubeurope.com\/@se\/115632321494494496","error":""},"_links":{"self":[{"href":"https:\/\/www.europesays.com\/se\/wp-json\/wp\/v2\/posts\/92753","targetHints":{"allow":["GET"]}}],"collection":[{"href":"https:\/\/www.europesays.com\/se\/wp-json\/wp\/v2\/posts"}],"about":[{"href":"https:\/\/www.europesays.com\/se\/wp-json\/wp\/v2\/types\/post"}],"author":[{"embeddable":true,"href":"https:\/\/www.europesays.com\/se\/wp-json\/wp\/v2\/users\/2"}],"replies":[{"embeddable":true,"href":"https:\/\/www.europesays.com\/se\/wp-json\/wp\/v2\/comments?post=92753"}],"version-history":[{"count":0,"href":"https:\/\/www.europesays.com\/se\/wp-json\/wp\/v2\/posts\/92753\/revisions"}],"wp:featuredmedia":[{"embeddable":true,"href":"https:\/\/www.europesays.com\/se\/wp-json\/wp\/v2\/media\/92754"}],"wp:attachment":[{"href":"https:\/\/www.europesays.com\/se\/wp-json\/wp\/v2\/media?parent=92753"}],"wp:term":[{"taxonomy":"category","embeddable":true,"href":"https:\/\/www.europesays.com\/se\/wp-json\/wp\/v2\/categories?post=92753"},{"taxonomy":"post_tag","embeddable":true,"href":"https:\/\/www.europesays.com\/se\/wp-json\/wp\/v2\/tags?post=92753"}],"curies":[{"name":"wp","href":"https:\/\/api.w.org\/{rel}","templated":true}]}}