{"id":92778,"date":"2025-11-29T10:24:09","date_gmt":"2025-11-29T10:24:09","guid":{"rendered":"https:\/\/www.europesays.com\/se\/92778\/"},"modified":"2025-11-29T10:24:09","modified_gmt":"2025-11-29T10:24:09","slug":"asllani-vander-kring-framtiden-bara-jag-som-ar-kvar-nu","status":"publish","type":"post","link":"https:\/\/www.europesays.com\/se\/92778\/","title":{"rendered":"Asllani v\u00e4nder kring framtiden: \u201dBara jag som \u00e4r kvar nu\u201d"},"content":{"rendered":"<p>Kosovare Asllani har tidigare pratat om att karri\u00e4ren i landslaget \u00e4r p\u00e5v\u00e4g mot sitt slut. Men efter matchen mot Frankrike kommer hon med en v\u00e4ndning.<br \/>\n\u2013 Det p\u00e5verkar lite att m\u00e5nga st\u00f6ttepelare lagt av, s\u00e4ger hon till Sportbladet. <\/p>\n<p>Sverige f\u00f6rlorade f\u00f6rsta bronsmatchen mot Frankrike med 2-1, efter ett sent m\u00e5l p\u00e5 \u00f6vertid. Efter matchen intervjuades Kosovare Asllani, som var lagkapten i g\u00e5rdagens match. Hon ber\u00e4ttar om framtiden i det svenska landslaget \u2013 som tycks ha f\u00f6r\u00e4ndrats efter att flera andra rutinerade spelare slutat i landslaget. <\/p>\n<p>\u2013 Det \u00e4r bara jag som \u00e4r kvar nu, s\u00e4ger hon till <a target=\"_blank\" href=\"https:\/\/www.aftonbladet.se\/sportbladet\/fotboll\/a\/Arzwbn\/kosovare-asllanis-vandning-om-framtiden-paverkar\" rel=\"nofollow noopener\">Sportbladet. <\/a><\/p>\n<p>Tror p\u00e5 Sverige<\/p>\n<p>Hon ber\u00e4ttar vidare att hon g\u00e4rna vill vara med och bidra eftersom det k\u00e4nns som att \u201dSverige h\u00e5ller p\u00e5 att bygga n\u00e5got v\u00e4ldigt bra\u201d. Hon vill inte kommentera hur m\u00e5nga landslags\u00e5r hon har framf\u00f6r sig, men \u00e4r tydlig med att andra spelares farv\u00e4l kan ha \u00e4ndrat hennes beslut. <\/p>\n<p>\u2013 Det p\u00e5verkar lite att m\u00e5nga st\u00f6ttepelare lagt av och d\u00e4r k\u00e4nner jag att jag vill vara med och hj\u00e4lpa laget tills dem \u00e4r redo att ta \u00f6ver, s\u00e4ger 36-\u00e5ringen. <\/p>\n<p>F\u00f6r tv\u00e5 veckor sedan kom beskedet att Magdalena Eriksson slutar i Landslaget efter 123 landskamper. Beslutet f\u00f6rklarades med att hon ville prioritera sin kropp och h\u00e4lsa. 32-\u00e5rige Magdalena Eriksson spelar sin klubblagsfotboll i Bayern M\u00fcnchen. <\/p>\n<p>Sverige spelar retur i bronsmatchen mot Frankrike p\u00e5 tisdag 2 december. Matchen spelas p\u00e5 3 Arena i Stockholm. <\/p>\n","protected":false},"excerpt":{"rendered":"Kosovare Asllani har tidigare pratat om att karri\u00e4ren i landslaget \u00e4r p\u00e5v\u00e4g mot sitt slut. Men efter matchen&hellip;\n","protected":false},"author":2,"featured_media":92779,"comment_status":"","ping_status":"","sticky":false,"template":"","format":"standard","meta":{"footnotes":""},"categories":[68],"tags":[159,158,157,138,156,165,164,140,34,160,162,111,110,31,161,33,32,30,163],"class_list":{"0":"post-92778","1":"post","2":"type-post","3":"status-publish","4":"format-standard","5":"has-post-thumbnail","7":"category-sport","8":"tag-allsvenskan","9":"tag-fans","10":"tag-fantv","11":"tag-fotboll","12":"tag-hockey","13":"tag-matcher","14":"tag-matchprogram","15":"tag-premier-league","16":"tag-se","17":"tag-serie-a","18":"tag-spelschema","19":"tag-sport","20":"tag-sports","21":"tag-svenska","22":"tag-svenskafans","23":"tag-sverige","24":"tag-sweden","25":"tag-swedish","26":"tag-tabeller"},"share_on_mastodon":{"url":"https:\/\/pubeurope.com\/@se\/115632502594256537","error":""},"_links":{"self":[{"href":"https:\/\/www.europesays.com\/se\/wp-json\/wp\/v2\/posts\/92778","targetHints":{"allow":["GET"]}}],"collection":[{"href":"https:\/\/www.europesays.com\/se\/wp-json\/wp\/v2\/posts"}],"about":[{"href":"https:\/\/www.europesays.com\/se\/wp-json\/wp\/v2\/types\/post"}],"author":[{"embeddable":true,"href":"https:\/\/www.europesays.com\/se\/wp-json\/wp\/v2\/users\/2"}],"replies":[{"embeddable":true,"href":"https:\/\/www.europesays.com\/se\/wp-json\/wp\/v2\/comments?post=92778"}],"version-history":[{"count":0,"href":"https:\/\/www.europesays.com\/se\/wp-json\/wp\/v2\/posts\/92778\/revisions"}],"wp:featuredmedia":[{"embeddable":true,"href":"https:\/\/www.europesays.com\/se\/wp-json\/wp\/v2\/media\/92779"}],"wp:attachment":[{"href":"https:\/\/www.europesays.com\/se\/wp-json\/wp\/v2\/media?parent=92778"}],"wp:term":[{"taxonomy":"category","embeddable":true,"href":"https:\/\/www.europesays.com\/se\/wp-json\/wp\/v2\/categories?post=92778"},{"taxonomy":"post_tag","embeddable":true,"href":"https:\/\/www.europesays.com\/se\/wp-json\/wp\/v2\/tags?post=92778"}],"curies":[{"name":"wp","href":"https:\/\/api.w.org\/{rel}","templated":true}]}}