{"id":92794,"date":"2025-11-29T10:53:08","date_gmt":"2025-11-29T10:53:08","guid":{"rendered":"https:\/\/www.europesays.com\/se\/92794\/"},"modified":"2025-11-29T10:53:08","modified_gmt":"2025-11-29T10:53:08","slug":"750-miljoner-frysta-i-sverige-majoritet-kopplas-till-putin","status":"publish","type":"post","link":"https:\/\/www.europesays.com\/se\/92794\/","title":{"rendered":"750 miljoner frysta i Sverige \u2013 majoritet kopplas till Putin"},"content":{"rendered":"<p>Runt 750 miljoner kronor finns p\u00e5 frysta konton i Sverige kopplade till personer och f\u00f6retag p\u00e5 internationella sanktionslistor. Det rapporterar Ekonomiekot Extra<\/p>\n<p>\u2013 Antalet sanktionerade identiteter \u00f6kar konstant, s\u00e4ger Finansinspektionens jurist Vidar Gothenby till radion.<\/p>\n<p>De frysta tillg\u00e5ngarna g\u00e4ller bland annat terrororganisationer, men majoriteten \u00e4r kopplade till ryska oligarker och f\u00f6retag med anknytning till Vladimir Putin.<\/p>\n<p>Omni \u00e4r politiskt obundna och oberoende. Vi str\u00e4var efter att ge fler perspektiv p\u00e5 nyheterna. Har du fr\u00e5gor eller synpunkter kring v\u00e5r rapportering? <a href=\"https:\/\/omni.se\/750-miljoner-frysta-i-sverige-majoritet-kopplas-till-putin\/a\/mailto:redaktion@omni.se\" class=\"ArticleActions_contactLink__W2F1M\" rel=\"nofollow noopener\" target=\"_blank\">Kontakta redaktionen<\/a><\/p>\n","protected":false},"excerpt":{"rendered":"Runt 750 miljoner kronor finns p\u00e5 frysta konton i Sverige kopplade till personer och f\u00f6retag p\u00e5 internationella sanktionslistor.&hellip;\n","protected":false},"author":2,"featured_media":92795,"comment_status":"","ping_status":"","sticky":false,"template":"","format":"standard","meta":{"footnotes":""},"categories":[65],"tags":[72,70,71,269,34,31,33,32,30,261],"class_list":{"0":"post-92794","1":"post","2":"type-post","3":"status-publish","4":"format-standard","5":"has-post-thumbnail","7":"category-ekonomi","8":"tag-business","9":"tag-economy","10":"tag-ekonomi","11":"tag-ryska-invasionen","12":"tag-se","13":"tag-svenska","14":"tag-sverige","15":"tag-sweden","16":"tag-swedish","17":"tag-vladimir-putin"},"share_on_mastodon":{"url":"https:\/\/pubeurope.com\/@se\/115632616447243230","error":""},"_links":{"self":[{"href":"https:\/\/www.europesays.com\/se\/wp-json\/wp\/v2\/posts\/92794","targetHints":{"allow":["GET"]}}],"collection":[{"href":"https:\/\/www.europesays.com\/se\/wp-json\/wp\/v2\/posts"}],"about":[{"href":"https:\/\/www.europesays.com\/se\/wp-json\/wp\/v2\/types\/post"}],"author":[{"embeddable":true,"href":"https:\/\/www.europesays.com\/se\/wp-json\/wp\/v2\/users\/2"}],"replies":[{"embeddable":true,"href":"https:\/\/www.europesays.com\/se\/wp-json\/wp\/v2\/comments?post=92794"}],"version-history":[{"count":0,"href":"https:\/\/www.europesays.com\/se\/wp-json\/wp\/v2\/posts\/92794\/revisions"}],"wp:featuredmedia":[{"embeddable":true,"href":"https:\/\/www.europesays.com\/se\/wp-json\/wp\/v2\/media\/92795"}],"wp:attachment":[{"href":"https:\/\/www.europesays.com\/se\/wp-json\/wp\/v2\/media?parent=92794"}],"wp:term":[{"taxonomy":"category","embeddable":true,"href":"https:\/\/www.europesays.com\/se\/wp-json\/wp\/v2\/categories?post=92794"},{"taxonomy":"post_tag","embeddable":true,"href":"https:\/\/www.europesays.com\/se\/wp-json\/wp\/v2\/tags?post=92794"}],"curies":[{"name":"wp","href":"https:\/\/api.w.org\/{rel}","templated":true}]}}