{"id":92815,"date":"2025-11-29T11:28:20","date_gmt":"2025-11-29T11:28:20","guid":{"rendered":"https:\/\/www.europesays.com\/se\/92815\/"},"modified":"2025-11-29T11:28:20","modified_gmt":"2025-11-29T11:28:20","slug":"nya-byggregler-detta-galler","status":"publish","type":"post","link":"https:\/\/www.europesays.com\/se\/92815\/","title":{"rendered":"Nya byggregler \u2013 detta g\u00e4ller"},"content":{"rendered":"<p>Publicerad 29 nov 2025 kl 08.42Uppdaterad kl 08.58<\/p>\n<p>Regeringen river upp kr\u00e5ngel och byr\u00e5kratiska stoppklossar \u2013 och genomf\u00f6r den st\u00f6rsta f\u00f6renklingen av bygglovsregler p\u00e5 15 \u00e5r, skriver Ebba Busch (KD) och <strong>Andreas Carlson (KD).<\/strong><\/p>\n<p><img   alt=\"\"\/> <\/p>\n<p>Foto: Anders Wiklund\/TT \/ TT NYHETSBYR\u00c5N<\/p>\n<p>\u00d6ppna bild i helsk\u00e4rm<img loading=\"lazy\"   alt=\"\"\/><\/p>\n<p>Andreas Carlson (KD), infrastruktur- och bostadsminister.<\/p>\n<p>Foto: Claudio Bresciani\/TT NYHETSBYR\u00c5N<\/p>\n<p>\u00d6ppna bild i helsk\u00e4rm<\/p>\n<p>Detta \u00e4r en debattartikel. Det \u00e4r skribenten som st\u00e5r f\u00f6r \u00e5sikterna i texten.&#13;<br \/>\n&#13;\n<\/p>\n<p><strong>DEBATT.<\/strong> Fr\u00e5n 1 december f\u00e5r svenska hus\u00e4gare st\u00f6rre frihet att best\u00e4mma \u00f6ver sina hus. Det blir l\u00e4ttare att bygga nytt, bygga om och bygga till. F\u00f6r Sveriges barnfamiljer betyder det mer frihet, mer f\u00f6ruts\u00e4gbarhet och st\u00f6rre m\u00f6jligheter att forma sina hem efter egna behov. Dr\u00f6mmen om villa, Volvo och vovve kan bli verklighet f\u00f6r fler.\u00a0<\/p>\n<p>I \u00e5ratal har bygglovssystemet blivit ett sv\u00e5rgenomtr\u00e4ngligt lappt\u00e4cke d\u00e4r hederliga hus\u00e4gare fastnat i pappersarbete och v\u00e4ntetider. Det har varit sv\u00e5rt att f\u00f6rst\u00e5 vad som egentligen g\u00e4ller \u2013 och dyrt att g\u00f6ra r\u00e4tt. Nu tar vi ett krafttag f\u00f6r att \u00e4ndra p\u00e5 det. Det offentliga m\u00e5ste lita mer p\u00e5 m\u00e4nniskor och mindre p\u00e5 detaljerade pekpinnar. Vi st\u00e4rker vardagsmakten.\u00a0<\/p>\n<p>Mer frihet<\/p>\n<p>M\u00f6jligheten att bygga ut dubbleras. Nu kan hus\u00e4gare bygga upp till 30 lovfria kvadratmeter. Det ger en familj m\u00f6jlighet att skapa mer utrymme n\u00e4r barnen blir fler, eller en st\u00f6rre yta n\u00e4r livet f\u00f6r\u00e4ndras. Det \u00e4r 15 kvadratmeter mer \u00e4n i dag.<\/p>\n<p>Dessutom slopas den kr\u00e5ngliga anm\u00e4lningsplikten f\u00f6r attefallshus. I st\u00e4llet inf\u00f6rs en tydlig kvadratmeterpott p\u00e5 sammanlagt 45 kvadratmeter inom detaljplan och 65 kvadratmeter utanf\u00f6r detaljplan f\u00f6r frist\u00e5ende byggnader p\u00e5 tomten, d\u00e4r varken bygglov eller anm\u00e4lningsplikt beh\u00f6vs.\u00a0<\/p>\n<p>Storleken p\u00e5 attefallshus \u00e4r fortsatt maximalt 30 kvadratmeter inom detaljplan, men utom detaljplan ut\u00f6kas den st\u00f6rsta till\u00e5tna ytan till 50 kvadratmeter. Genom att kvadratmeterna blir en pott f\u00e5r man sj\u00e4lv best\u00e4mma hur man vill anv\u00e4nda dem. Friheten flyttar hem till m\u00e4nniskors k\u00f6ksbord.<\/p>\n<p><img loading=\"lazy\"   alt=\"\"\/><\/p>\n<p>\u201dNu kan hus\u00e4gare bygga upp till 30 lovfria kvadratmeter\u201d, skriver KD.<\/p>\n<p>Foto: fotograf Anders Norrsell<\/p>\n<p>\u00d6ppna bild i helsk\u00e4rm<\/p>\n<p>Och nej \u2013 det \u00e4r inte fritt fram att reta upp grannen. Regeln om 4,5 meter till tomtgr\u00e4ns ligger fast. Men om grannen tycker att det \u00e4r okej att bygga n\u00e4rmare, kan den nu godk\u00e4nna det skriftligt. Det \u00e4r s\u00e5 ett fungerande samh\u00e4lle ska vara, d\u00e4r m\u00e4nniskor kan prata med varandra. Det beh\u00f6vs inte alltid en tj\u00e4nsteman f\u00f6r att avg\u00f6ra vad som \u00e4r rimligt. Och kanske \u00e4r det s\u00e5 att grannen vet b\u00e4ttre \u00e4n stadsbyggnadsn\u00e4mnden vad som \u00e4r b\u00e4st f\u00f6r familjen p\u00e5 andra sidan h\u00e4cken.<\/p>\n<p>Det blir ocks\u00e5 l\u00e4ttare att g\u00f6ra fasad\u00e4ndringar \u2013 som att flytta en d\u00f6rr, s\u00e4tta in ett f\u00f6nster eller byta f\u00e4rg \u2013 n\u00e4r det generella bygglovskravet tas bort. Och den som vill inreda en vind f\u00e5r nu g\u00f6ra det \u00e4ven om det strider mot detaljplanen. Det blir mer frihet och mindre kr\u00e5ngel.<\/p>\n<p>Ett extra rum<\/p>\n<p>N\u00e4r fler \u00e5tg\u00e4rder blir lovbefriade minskar kostnaderna, administrationen och handl\u00e4ggningstiderna. Antalet lov\u00e4renden bed\u00f6ms minska med upp till 40 procent, vilket kan korta kvarvarande lovprocesser betydligt. Kommunerna befrias fr\u00e5n on\u00f6dig \u00e4rendehantering och kan l\u00e4gga tiden p\u00e5 de \u00e4renden d\u00e4r den verkligen beh\u00f6vs.<\/p>\n<p>Annons<\/p>\n<p>Sverige beh\u00f6ver fler bost\u00e4der, men vi beh\u00f6ver ocks\u00e5 mer frihet och tillit i vardagen. Att familjer ska kunna bygga ett extra rum till den v\u00e4xande familjen utan pekpinnar och att drunkna i papper \u00e4r ingen lyx \u2013 det \u00e4r sunt f\u00f6rnuft.<\/p>\n<p>Nu tar vi ett stort steg mot ett Sverige d\u00e4r reglerna st\u00f6ttar familjer, inte hindrar dem. Vi f\u00f6renklar f\u00f6r f\u00f6retag och familjer. Vi s\u00e4tter m\u00e4nniskors behov f\u00f6re byr\u00e5kratin. Vi g\u00f6r livet f\u00f6r familjer lite l\u00e4ttare att leva. F\u00f6r vi tror p\u00e5 Sveriges familjer. Vi tror p\u00e5 Sverige.<\/p>\n<p><strong>Av Ebba Busch (KD)<\/strong><\/p>\n<p>vice statsminister<\/p>\n<p><strong>Andreas Carlson (KD)<\/strong><\/p>\n<p>infrastruktur- och bostadsminister<\/p>\n","protected":false},"excerpt":{"rendered":"Publicerad 29 nov 2025 kl 08.42Uppdaterad kl 08.58 Regeringen river upp kr\u00e5ngel och byr\u00e5kratiska stoppklossar \u2013 och genomf\u00f6r&hellip;\n","protected":false},"author":2,"featured_media":92816,"comment_status":"","ping_status":"","sticky":false,"template":"","format":"standard","meta":{"footnotes":""},"categories":[5],"tags":[22,23,26,27,17,21,24,25,28,29,15,16,874,18,34,31,33,32,30,19,3752,20],"class_list":{"0":"post-92815","1":"post","2":"type-post","3":"status-publish","4":"format-standard","5":"has-post-thumbnail","7":"category-rubriker","8":"tag-breaking-news","9":"tag-breakingnews","10":"tag-featured-news","11":"tag-featurednews","12":"tag-headlines","13":"tag-huvudnyheter","14":"tag-latest-news","15":"tag-latestnews","16":"tag-main-news","17":"tag-mainnews","18":"tag-news","19":"tag-nyheter","20":"tag-person-ebba-busch","21":"tag-rubriker","22":"tag-se","23":"tag-svenska","24":"tag-sverige","25":"tag-sweden","26":"tag-swedish","27":"tag-top-stories","28":"tag-topic-bostadsbyggande","29":"tag-topstories"},"share_on_mastodon":{"url":"https:\/\/pubeurope.com\/@se\/115632754258995424","error":""},"_links":{"self":[{"href":"https:\/\/www.europesays.com\/se\/wp-json\/wp\/v2\/posts\/92815","targetHints":{"allow":["GET"]}}],"collection":[{"href":"https:\/\/www.europesays.com\/se\/wp-json\/wp\/v2\/posts"}],"about":[{"href":"https:\/\/www.europesays.com\/se\/wp-json\/wp\/v2\/types\/post"}],"author":[{"embeddable":true,"href":"https:\/\/www.europesays.com\/se\/wp-json\/wp\/v2\/users\/2"}],"replies":[{"embeddable":true,"href":"https:\/\/www.europesays.com\/se\/wp-json\/wp\/v2\/comments?post=92815"}],"version-history":[{"count":0,"href":"https:\/\/www.europesays.com\/se\/wp-json\/wp\/v2\/posts\/92815\/revisions"}],"wp:featuredmedia":[{"embeddable":true,"href":"https:\/\/www.europesays.com\/se\/wp-json\/wp\/v2\/media\/92816"}],"wp:attachment":[{"href":"https:\/\/www.europesays.com\/se\/wp-json\/wp\/v2\/media?parent=92815"}],"wp:term":[{"taxonomy":"category","embeddable":true,"href":"https:\/\/www.europesays.com\/se\/wp-json\/wp\/v2\/categories?post=92815"},{"taxonomy":"post_tag","embeddable":true,"href":"https:\/\/www.europesays.com\/se\/wp-json\/wp\/v2\/tags?post=92815"}],"curies":[{"name":"wp","href":"https:\/\/api.w.org\/{rel}","templated":true}]}}