{"id":92821,"date":"2025-11-29T11:31:12","date_gmt":"2025-11-29T11:31:12","guid":{"rendered":"https:\/\/www.europesays.com\/se\/92821\/"},"modified":"2025-11-29T11:31:12","modified_gmt":"2025-11-29T11:31:12","slug":"har-kopt-gard-i-skane","status":"publish","type":"post","link":"https:\/\/www.europesays.com\/se\/92821\/","title":{"rendered":"Har k\u00f6pt g\u00e5rd i Sk\u00e5ne"},"content":{"rendered":"<p>Publicerad 29 nov 2025 kl 11.07<\/p>\n<p>Carola har hittat v\u00e4gen till frihet \u2013 en g\u00e5rd i Sk\u00e5ne.<\/p>\n<p>\u2013 Jag ska gigga d\u00e4r, bjuda in publik, s\u00e4ger Carola i <a href=\"https:\/\/www.tv4.se\/nyhetsmorgon\" rel=\"nofollow noopener\" target=\"_blank\">Nyhetsmorgon<\/a>.\u00a0<\/p>\n<p>Senaste n\u00f6jesklippen fr\u00e5n Expressen.<img   alt=\"\"\/><\/p>\n<p>Carola har k\u00f6pt en g\u00e5rd i Sk\u00e5ne.<\/p>\n<p>Foto: Nyhetsmorgon<\/p>\n<p>\u00d6ppna bild i helsk\u00e4rm<img loading=\"lazy\"   alt=\"\"\/><\/p>\n<p>Nycklarna till Sk\u00e5neg\u00e5rden f\u00e5r Carola den 4 december \u2013 samma dag som hennes julshow tillsammans med Viktor Nor\u00e9n har premi\u00e4r.<\/p>\n<p>Foto: Nyhetsmorgon<\/p>\n<p>\u00d6ppna bild i helsk\u00e4rm<img loading=\"lazy\"   alt=\"\"\/><\/p>\n<p>Carola H\u00e4ggkvist.<\/p>\n<p>Foto: CHRISTER WAHLGREN \/ KVP\/ EXPRESSEN<\/p>\n<p>\u00d6ppna bild i helsk\u00e4rm<\/p>\n<p><a href=\"https:\/\/www.expressen.se\/tagg\/person\/carola-haggkvist\/\" class=\"\" rel=\"nofollow noopener\" target=\"_blank\">Carola H\u00e4ggkvist<\/a>, 59, har \u2013 \u00e4ntligen \u2013 hittat en g\u00e5rd. De som f\u00f6ljer Carola i sociala medier vet att den svenska folkhemsstj\u00e4rnan l\u00e4nge letat efter ett st\u00e4lle och nu verkar dr\u00f6mmen ha g\u00e5tt i uppfyllelse.\u00a0<\/p>\n<p>\u2013 Jag har letat efter en g\u00e5rd, en egen g\u00e5rd, v\u00e4gen till frihet, s\u00e4ger hon i TV4 Nyhetsmorgon.<\/p>\n<p>Hon beskriver g\u00e5rden som ett st\u00e4lle att stanna upp och packa upp.\u00a0<\/p>\n<p>\u2013 S\u00e5 att jag inte lever i en produktionsr\u00f6ra hela tiden, s\u00e4ger hon.\u00a0<\/p>\n<p>V\u00e4lkomnar sin publik<\/p>\n<p>Lugnt, h\u00e4rligt, rofyllt \u2013 men ocks\u00e5 en hel del jobb. Tanken \u00e4r att Carola ska bjuda hem sin publik till sm\u00e5 gigg p\u00e5 g\u00e5rden.\u00a0<\/p>\n<p>\u2013 Det \u00e4r underbart. Jag ska gigga d\u00e4r, bjuda in publik och lyssnar p\u00e5 andra g\u00e4startister jag bjuder in och s\u00e5 vidare, s\u00e4ger hon.\u00a0<\/p>\n<p>Nycklarna f\u00e5r hon den 4 december \u2013 samma datum som hennes nya julshow p\u00e5 Cirkus i Stockholm har premi\u00e4r.\u00a0<\/p>\n<p>Annars \u00e4r hon sparsam med detaljerna. Det \u00e4r oklart var i Sk\u00e5ne g\u00e5rden ligger eller vad prislappen \u00e4r.\u00a0<\/p>\n<p>Carola bor i dag i Steninge Slottsby med utsikt \u00f6ver en glittrande sj\u00f6. 2023 k\u00f6pte hon ocks\u00e5 en l\u00e4genhet i Stockholm, f\u00f6r att dottern Zoe skulle f\u00e5 n\u00e4rmre till skolan.\u00a0<\/p>\n","protected":false},"excerpt":{"rendered":"Publicerad 29 nov 2025 kl 11.07 Carola har hittat v\u00e4gen till frihet \u2013 en g\u00e5rd i Sk\u00e5ne. \u2013&hellip;\n","protected":false},"author":2,"featured_media":92822,"comment_status":"","ping_status":"","sticky":false,"template":"","format":"standard","meta":{"footnotes":""},"categories":[67],"tags":[104,2680,34,775,31,33,32,30,105],"class_list":{"0":"post-92821","1":"post","2":"type-post","3":"status-publish","4":"format-standard","5":"has-post-thumbnail","7":"category-underhallning","8":"tag-entertainment","9":"tag-person-carola-haggkvist","10":"tag-se","11":"tag-sections-musik","12":"tag-svenska","13":"tag-sverige","14":"tag-sweden","15":"tag-swedish","16":"tag-underhallning"},"share_on_mastodon":{"url":"https:\/\/pubeurope.com\/@se\/115632765845612331","error":""},"_links":{"self":[{"href":"https:\/\/www.europesays.com\/se\/wp-json\/wp\/v2\/posts\/92821","targetHints":{"allow":["GET"]}}],"collection":[{"href":"https:\/\/www.europesays.com\/se\/wp-json\/wp\/v2\/posts"}],"about":[{"href":"https:\/\/www.europesays.com\/se\/wp-json\/wp\/v2\/types\/post"}],"author":[{"embeddable":true,"href":"https:\/\/www.europesays.com\/se\/wp-json\/wp\/v2\/users\/2"}],"replies":[{"embeddable":true,"href":"https:\/\/www.europesays.com\/se\/wp-json\/wp\/v2\/comments?post=92821"}],"version-history":[{"count":0,"href":"https:\/\/www.europesays.com\/se\/wp-json\/wp\/v2\/posts\/92821\/revisions"}],"wp:featuredmedia":[{"embeddable":true,"href":"https:\/\/www.europesays.com\/se\/wp-json\/wp\/v2\/media\/92822"}],"wp:attachment":[{"href":"https:\/\/www.europesays.com\/se\/wp-json\/wp\/v2\/media?parent=92821"}],"wp:term":[{"taxonomy":"category","embeddable":true,"href":"https:\/\/www.europesays.com\/se\/wp-json\/wp\/v2\/categories?post=92821"},{"taxonomy":"post_tag","embeddable":true,"href":"https:\/\/www.europesays.com\/se\/wp-json\/wp\/v2\/tags?post=92821"}],"curies":[{"name":"wp","href":"https:\/\/api.w.org\/{rel}","templated":true}]}}