{"id":92862,"date":"2025-11-29T12:33:11","date_gmt":"2025-11-29T12:33:11","guid":{"rendered":"https:\/\/www.europesays.com\/se\/92862\/"},"modified":"2025-11-29T12:33:11","modified_gmt":"2025-11-29T12:33:11","slug":"svenskt-em-guld-i-curling-stor-forvirring-i-svt-vintersport","status":"publish","type":"post","link":"https:\/\/www.europesays.com\/se\/92862\/","title":{"rendered":"Svenskt EM-guld i curling \u2013 stor f\u00f6rvirring i SVT | Vintersport"},"content":{"rendered":"<p>Publicerad 29 nov 2025 kl 11.44Uppdaterad kl 13.04<\/p>\n<p>Lag Hasselborg h\u00f6ll f\u00f6r favoritskapet och b\u00e4rgade ett svenskt EM-guld p\u00e5 damsidan.<\/p>\n<p>Svenskorna besegrade Skottland med 7-5 i finalen.\u00a0<\/p>\n<p>\u2013 S\u00e5 som vi spelar nu \u00e4r det sk\u00f6nt att f\u00e5 medalj som bevis p\u00e5 att vi h\u00e5ller en h\u00f6g niv\u00e5, s\u00e4ger Anna Hasselborg i SVT:s s\u00e4ndning.<\/p>\n<p><img   alt=\"\"\/> <\/p>\n<p>Foto: MIKKO STIG \/ BILDBYR\u00c5N<\/p>\n<p>\u00d6ppna bild i helsk\u00e4rm<img loading=\"lazy\"   alt=\"\"\/> <\/p>\n<p>Foto: MIKKO STIG \/ BILDBYR\u00c5N<\/p>\n<p>\u00d6ppna bild i helsk\u00e4rm<\/p>\n<p>Lag Hasselborg vann sitt tredje EM-guld i curling. Men n\u00e4r bilderna svepte \u00f6ver guldmedaljerna i SVT:s s\u00e4ndning syntes det tydligt att det stod \u201dWorld curling championship\u201d p\u00e5 dem. Det skapade f\u00f6rvirring i SVT:s s\u00e4ndning.<\/p>\n<p>\u2013 Men titta! utbrast kommentatorn Niklas Nord.<\/p>\n<p>\u2013 Det kan inte vara r\u00e4tt, fyllde experten Eva Lund i.<\/p>\n<p>\u2013 Det vet vi ju att det h\u00e4r \u00e4r inte VM, det \u00e4r ett Europam\u00e4sterskap, sade Nord.<\/p>\n<p>\u2013 Men vi ser ju att det \u00e4r de medaljerna s\u00e5 det m\u00e5ste ju vara n\u00e5gon felbest\u00e4llning. Jag f\u00f6rst\u00e5r inte alls. Eller om baksidan ser ut p\u00e5 n\u00e5got annat s\u00e4tt d\u00e4r det st\u00e5r vad det verkligen \u00e4r, fortsatte Lund..\u00a0<\/p>\n<p>\u2013 Jag f\u00f6rs\u00f6ker bara f\u00f6rst\u00e5 vad som har g\u00e5tt fel. De har skickat fel medaljer helt enkelt, avslutade hon diskussionen med.<\/p>\n<p>Det \u00e4r den internationella curlingfederationen som delar ut medaljerna, vilket kan vara en f\u00f6rklaring till inskriptionen.<\/p>\n","protected":false},"excerpt":{"rendered":"Publicerad 29 nov 2025 kl 11.44Uppdaterad kl 13.04 Lag Hasselborg h\u00f6ll f\u00f6r favoritskapet och b\u00e4rgade ett svenskt EM-guld&hellip;\n","protected":false},"author":2,"featured_media":92863,"comment_status":"","ping_status":"","sticky":false,"template":"","format":"standard","meta":{"footnotes":""},"categories":[5],"tags":[22,23,26,27,17,21,24,25,28,29,15,16,10783,18,34,1464,31,33,32,30,19,20],"class_list":{"0":"post-92862","1":"post","2":"type-post","3":"status-publish","4":"format-standard","5":"has-post-thumbnail","7":"category-rubriker","8":"tag-breaking-news","9":"tag-breakingnews","10":"tag-featured-news","11":"tag-featurednews","12":"tag-headlines","13":"tag-huvudnyheter","14":"tag-latest-news","15":"tag-latestnews","16":"tag-main-news","17":"tag-mainnews","18":"tag-news","19":"tag-nyheter","20":"tag-person-anna-hasselborg","21":"tag-rubriker","22":"tag-se","23":"tag-sections-vintersport","24":"tag-svenska","25":"tag-sverige","26":"tag-sweden","27":"tag-swedish","28":"tag-top-stories","29":"tag-topstories"},"share_on_mastodon":{"url":"https:\/\/pubeurope.com\/@se\/115633009697833741","error":""},"_links":{"self":[{"href":"https:\/\/www.europesays.com\/se\/wp-json\/wp\/v2\/posts\/92862","targetHints":{"allow":["GET"]}}],"collection":[{"href":"https:\/\/www.europesays.com\/se\/wp-json\/wp\/v2\/posts"}],"about":[{"href":"https:\/\/www.europesays.com\/se\/wp-json\/wp\/v2\/types\/post"}],"author":[{"embeddable":true,"href":"https:\/\/www.europesays.com\/se\/wp-json\/wp\/v2\/users\/2"}],"replies":[{"embeddable":true,"href":"https:\/\/www.europesays.com\/se\/wp-json\/wp\/v2\/comments?post=92862"}],"version-history":[{"count":0,"href":"https:\/\/www.europesays.com\/se\/wp-json\/wp\/v2\/posts\/92862\/revisions"}],"wp:featuredmedia":[{"embeddable":true,"href":"https:\/\/www.europesays.com\/se\/wp-json\/wp\/v2\/media\/92863"}],"wp:attachment":[{"href":"https:\/\/www.europesays.com\/se\/wp-json\/wp\/v2\/media?parent=92862"}],"wp:term":[{"taxonomy":"category","embeddable":true,"href":"https:\/\/www.europesays.com\/se\/wp-json\/wp\/v2\/categories?post=92862"},{"taxonomy":"post_tag","embeddable":true,"href":"https:\/\/www.europesays.com\/se\/wp-json\/wp\/v2\/tags?post=92862"}],"curies":[{"name":"wp","href":"https:\/\/api.w.org\/{rel}","templated":true}]}}