{"id":92877,"date":"2025-11-29T13:03:11","date_gmt":"2025-11-29T13:03:11","guid":{"rendered":"https:\/\/www.europesays.com\/se\/92877\/"},"modified":"2025-11-29T13:03:11","modified_gmt":"2025-11-29T13:03:11","slug":"leo-xiv-motte-turkiska-katoliker-signum","status":"publish","type":"post","link":"https:\/\/www.europesays.com\/se\/92877\/","title":{"rendered":"Leo XIV m\u00f6tte turkiska katoliker \u2013 Signum"},"content":{"rendered":"<p style=\"font-weight: 400;\">F\u00f6r Istanbuls katoliker var det som om b\u00e5de p\u00e5sk och jul inf\u00f6ll i torsdags \u201dViva il Papa\u201d-rop skallade redan p\u00e5 morgonen i Helgeandskatedralen i hj\u00e4rtat av staden vid Bosporen. Under andra dagen av sin Turkiet resa bes\u00f6kte Leo XIV n\u00e4mligen sin \u201dlilla flock\u201d. I den kompakta katedralen d\u00e4r Turkietv\u00e4nnen p\u00e5ven Johannes XXIII (1958\u20131963) milt leende ser ner fr\u00e5n portalen firade han en ordets gudstj\u00e4nst med biskopar, pr\u00e4ster, ordensmedlemmar och andra troende \u2013 med uppmuntrande ord och \u00f6gonblick av g\u00e5shud.\u201d<\/p>\n<p style=\"font-weight: 400;\">Jubilate Deo sj\u00f6ng k\u00f6ren d\u00e5 Leo tr\u00e4dde in i katedralen. Orgeln och 800 m\u00e4nniskor st\u00e4mde in i jublet. F\u00f6r den lilla f\u00f6rsamlingen med 33\u00a0000 katoliker i det stora Turkiet st\u00e5r mycket s\u00e4llan i centrum i v\u00e4rldskyrkan.<\/p>\n<p style=\"font-weight: 400;\">I sitt anf\u00f6rande p\u00e5minde p\u00e5ven om att kristendomens r\u00f6tter fanns i regionen f\u00f6r mera \u00e4n 2\u00a0000 \u00e5r sedan. Han uppmanade f\u00f6rsamlingen med medlemmar fr\u00e5n flera nationer att v\u00e5rda trons sk\u00f6rd och att engagera sig f\u00f6r ekumenisk och interreligi\u00f6s dialog samt f\u00f6r migranter och flyktingar. Framf\u00f6r allt uppmuntrade han den \u201dlilla flocken\u201d. Sk\u00e4l till hopp \u00e4r inte bara de m\u00e5nga unga m\u00e4nniskor som v\u00e4nder sig till kyrkan med sina bekymmer och \u00e4renden, sade p\u00e5ven till m\u00e4nniskorna i den fullsatta kyrkan, smyckad med gula och vita blommor.<\/p>\n<p style=\"font-weight: 400;\"><strong>En synbart r\u00f6rd p\u00e5ve<\/strong><\/p>\n<p style=\"font-weight: 400;\">Mer \u00e4n en g\u00e5ng k\u00e4mpade han mot t\u00e5rarna under s\u00e5ngerna och b\u00f6nerna som framf\u00f6rdes p\u00e5 turkiska och andra spr\u00e5k. Innan dess hade pontifex h\u00e4lsats av ordf\u00f6randen f\u00f6r den katolska biskopskonferensen i Turkiet, \u00e4rkebiskop Martin Kmetec. Efter den knappt timsl\u00e5nga gudstj\u00e4nsten ville m\u00e4nniskorna knappt l\u00e5ga honom g\u00e5 igen. Han h\u00e4lsade personligen p\u00e5 dussintals av dem.<\/p>\n<p style=\"font-weight: 400;\">D\u00e4refter bes\u00f6kte Leo XIV \u00e4ven ett \u00e4ldreboende som drivs av ordenskvinnor och d\u00e4r han togs emot mycket hj\u00e4rtligt. G\u00e5ng efter annan k\u00e4mpade han med sin r\u00f6relse d\u00e5 han talade med de gamla m\u00e4nniskorna och deras v\u00e5rdare.<\/p>\n<p style=\"font-weight: 400;\">\u00d6verhuvudet f\u00f6r v\u00e4rldens 1,4 miljarder katoliker kan vara n\u00f6jd med bes\u00f6kets inledning p\u00e5 torsdagen. Vid president Recep Tayyip Erdogans h\u00f6gtidliga officiella mottagande i huvudstaden Ankara p\u00e5 torsdagen prisade man inte bara varandra \u00f6msesidigt utan p\u00e5ven manade \u00e4ven till mera pluralism i Turkiet.<\/p>\n<p style=\"font-weight: 400;\">Innan dess bidrog sm\u00e5 gester som Leos korta h\u00e4lsning p\u00e5 turkiska (\u201dMerhaba asker !\u201d) inf\u00f6r Erdogans hedersvakt till att p\u00e5tagligt v\u00e4cka v\u00e4rdens v\u00e4lvilja. \u00c4ven p\u00e5ven sj\u00e4lv visade i denna stund ett l\u00e4ttat leende. F\u00f6r turkiska h\u00f6r egentligen inte till de spr\u00e5k som beh\u00e4rskas av den polyglotta p\u00e5ven.<\/p>\n<p style=\"font-weight: 400;\">P\u00e5 fredagseftermiddagen var det dags f\u00f6r Leos Turkietresas egentliga syfte: h\u00f6gtidligh\u00e5llandet av 1\u00a0700-\u00e5rsminnet av konciliet i Nicaea d\u00e4r den centrala teologiska grunden lades f\u00f6r den trosbek\u00e4nnelse som \u00e4n idag \u00e4r den bindande grunden f\u00f6r n\u00e4stan alla kristna kyrkor och konfessioner. En milstolpe i kyrkans och hela m\u00e4nsklighetens liv, vilket Leo XIV framh\u00f6ll i sitt anf\u00f6rande i den katolska Helgeandskatedralen.<\/p>\n<p style=\"font-weight: 400;\"><strong>Symboltyngd ekumeniskt m\u00f6te<\/strong><\/p>\n<p style=\"font-weight: 400;\">Med sp\u00e4nning hade man v\u00e4ntat p\u00e5 hur den ekumeniska b\u00f6negudstj\u00e4nsten i n\u00e4rheten av de arkeologiska utgr\u00e4vningarna av den antika basilikan Sankt Neofytus i Iznik, det antika Nicaea, skulle gestalta sig. D\u00e4r skulle han tillsammans med v\u00e4rldsortodoxins heders\u00f6verhuvud Bartolomaios erinra om det banbrytande h\u00e4ndelsen f\u00f6r 1\u00a0700 \u00e5r sedan.<\/p>\n<p style=\"font-weight: 400;\">Denna h\u00e4ndelse har utstr\u00e5lning \u00e4n idag, vilket p\u00e5ven och patriarken inte tr\u00f6ttnade p\u00e5 att betona. Och d\u00e4rf\u00f6r v\u00e4ntar man representanter f\u00f6r andra kristna konfessioner som gammalkatoliker, anglikaner, lutheraner och andra kyrkor. P\u00e5 l\u00f6rdagen, bes\u00f6kets tredje dag, st\u00e5r en interreligi\u00f6s h\u00f6jdpunkt p\u00e5 den p\u00e5vliga resplanen: ett bes\u00f6k i \u201dBl\u00e5 mosk\u00e9n\u201d, Istanbuls st\u00f6rsta muslimska gudstj\u00e4nstlokal.<\/p>\n<p style=\"font-weight: 400;\">Kathpress 2025-11-28<\/p>\n<p style=\"font-weight: 400;\">Detta \u00e4r en nyhetstext.<\/p>\n","protected":false},"excerpt":{"rendered":"F\u00f6r Istanbuls katoliker var det som om b\u00e5de p\u00e5sk och jul inf\u00f6ll i torsdags \u201dViva il Papa\u201d-rop skallade&hellip;\n","protected":false},"author":2,"featured_media":89320,"comment_status":"","ping_status":"","sticky":false,"template":"","format":"standard","meta":{"footnotes":""},"categories":[14],"tags":[22,23,26,27,17,21,24,25,28,29,15,16,18,34,31,33,32,30,19,20,51,52,53,54],"class_list":{"0":"post-92877","1":"post","2":"type-post","3":"status-publish","4":"format-standard","5":"has-post-thumbnail","7":"category-varlden","8":"tag-breaking-news","9":"tag-breakingnews","10":"tag-featured-news","11":"tag-featurednews","12":"tag-headlines","13":"tag-huvudnyheter","14":"tag-latest-news","15":"tag-latestnews","16":"tag-main-news","17":"tag-mainnews","18":"tag-news","19":"tag-nyheter","20":"tag-rubriker","21":"tag-se","22":"tag-svenska","23":"tag-sverige","24":"tag-sweden","25":"tag-swedish","26":"tag-top-stories","27":"tag-topstories","28":"tag-varlden","29":"tag-world","30":"tag-world-news","31":"tag-worldnews"},"share_on_mastodon":{"url":"https:\/\/pubeurope.com\/@se\/115633127617617482","error":""},"_links":{"self":[{"href":"https:\/\/www.europesays.com\/se\/wp-json\/wp\/v2\/posts\/92877","targetHints":{"allow":["GET"]}}],"collection":[{"href":"https:\/\/www.europesays.com\/se\/wp-json\/wp\/v2\/posts"}],"about":[{"href":"https:\/\/www.europesays.com\/se\/wp-json\/wp\/v2\/types\/post"}],"author":[{"embeddable":true,"href":"https:\/\/www.europesays.com\/se\/wp-json\/wp\/v2\/users\/2"}],"replies":[{"embeddable":true,"href":"https:\/\/www.europesays.com\/se\/wp-json\/wp\/v2\/comments?post=92877"}],"version-history":[{"count":0,"href":"https:\/\/www.europesays.com\/se\/wp-json\/wp\/v2\/posts\/92877\/revisions"}],"wp:featuredmedia":[{"embeddable":true,"href":"https:\/\/www.europesays.com\/se\/wp-json\/wp\/v2\/media\/89320"}],"wp:attachment":[{"href":"https:\/\/www.europesays.com\/se\/wp-json\/wp\/v2\/media?parent=92877"}],"wp:term":[{"taxonomy":"category","embeddable":true,"href":"https:\/\/www.europesays.com\/se\/wp-json\/wp\/v2\/categories?post=92877"},{"taxonomy":"post_tag","embeddable":true,"href":"https:\/\/www.europesays.com\/se\/wp-json\/wp\/v2\/tags?post=92877"}],"curies":[{"name":"wp","href":"https:\/\/api.w.org\/{rel}","templated":true}]}}