{"id":92904,"date":"2025-11-29T13:40:18","date_gmt":"2025-11-29T13:40:18","guid":{"rendered":"https:\/\/www.europesays.com\/se\/92904\/"},"modified":"2025-11-29T13:40:18","modified_gmt":"2025-11-29T13:40:18","slug":"johan-romin-cecilia-udden-som-sagoberattare","status":"publish","type":"post","link":"https:\/\/www.europesays.com\/se\/92904\/","title":{"rendered":"Johan Romin: Cecilia Udd\u00e9n som sagober\u00e4ttare"},"content":{"rendered":"<p class=\"has-drop-cap\">Cecilia Udd\u00e9ns bevakning av Israel-Palestina \u00e4r som ett skolboksexempel p\u00e5 n\u00e4r verkligheten pressas in i en\u00a0R\u00f6dluvan och vargen-saga. R\u00f6dluvan\u00a0\u00e4r de pl\u00e5gade palestinierna, vargen \u00e4r de israeliska bos\u00e4ttarna och den israeliska arm\u00e9n, och\u00a0j\u00e4garen\u00a0som till slut bek\u00e4mpar vargen \u00e4r de internationella samfunden och m\u00e4nniskor\u00e4ttsorganisationerna \u2013 eller kanske Cecilia Udd\u00e9n sj\u00e4lv?\u00a0<\/p>\n<p>Inom historieforskningen kallas det h\u00e4r f\u00f6r att\u00a0narrativisera historien och det finns m\u00e5nga akademiska b\u00f6cker med historiska fall. <\/p>\n<p>Hursomhelst \u00e4r narrativ n\u00e5got som g\u00f6r en ber\u00e4ttelse l\u00e4tt att ta till sig och f\u00f6rst\u00e5. Det \u00e4r ont mot gott, d\u00e4r de goda segrar till slut. S\u00e5 \u00e4r det i Star Wars, Narnia och n\u00e4stan alla andra v\u00e4sterl\u00e4ndska sagor. Och tydligen \u00e4ven i Sveriges Radio.<\/p>\n<p>Vad \u00e4r det d\u00e5 f\u00f6r verktyg Cecilia Udd\u00e9n anv\u00e4nder sig av f\u00f6r att driva detta sagom\u00e4ssiga\u00a0ont-mot-gott-narrativ\u00a0i sin nyhetsf\u00f6rmedling om Mellan\u00f6stern?<\/p>\n<p>I onsdags s\u00e4nde Studio Ett ett sju minuter l\u00e5ngt inslag d\u00e4r programledarna intervjuade Cecilia Udd\u00e9n om l\u00e4get p\u00e5 V\u00e4stbanken. Det handlade om en \u201dantiterroroperation\u201d och om \u201dbos\u00e4ttarv\u00e5ld\u201d. Och p\u00e5 klassiskt\u00a0udd\u00e9nskt\u00a0vis fanns n\u00e5gra \u201dvanlisar\u201d med (journalistspr\u00e5k f\u00f6r helt vanligt folk) som givetvis var h\u00f6gst oskyldiga. De fick vara \u201dr\u00e4dda\u201d, \u201duppgivna\u201d och fick en egen intervju som kryddade ber\u00e4ttelsen. D\u00e4remellan handlade det om hur israelisk milit\u00e4r och bos\u00e4ttare gjorde livet surt f\u00f6r palestinierna.<\/p>\n<p>Jag laddade ned hela inslaget, transkriberade det till text och l\u00e4t sedan ChatGPT analysera alltihop.<\/p>\n<p>Det visar sig att b\u00e5de Udd\u00e9n och programledarna anv\u00e4nder sig av n\u00e5got som kallas f\u00f6r \u201ddistansmark\u00f6rer\u201d. H\u00e4r \u00e4r n\u00e5gra exempel: \u201ds\u00e5 kallad antiterroroperation\u201d, \u201dpalestinska s\u00e5 kallade terrorister\u201d, \u201dm\u00e5let \u00e4r militanta milism\u00e4n, s\u00e4ger man fr\u00e5n Israels sida\u201d. <\/p>\n<p>Israeliska begrepp som \u201dantiterroroperation\u201d och \u201dterrorister\u201d omges allts\u00e5 av ord som\u00a0\u201ds\u00e5 kallad\u201d,\u00a0\u201dsom Israel kallar\u201d,\u00a0\u201dsom man kallar den\u201d. Israeliska siffror och bed\u00f6mningar markeras med\u00a0\u201denligt Israels milit\u00e4r\u201d,\u00a0\u201dfr\u00e5n israeliskt h\u00e5ll\u201d,\u00a0\u201ds\u00e4ger man fr\u00e5n Israels sida\u201d. <\/p>\n<p>Ovanp\u00e5 allt detta bakar Udd\u00e9n ihop tv\u00e5 skeenden som egentligen inte har med varandra att g\u00f6ra,\u00a0bos\u00e4ttarv\u00e5ld\u00a0och en\u00a0antiterroroperation. Troligen f\u00f6r att f\u00f6rst\u00e4rka narrativet hon vill driva. Det \u00e4r ju inte s\u00e4rskilt konstigt om Israel med en antiterroroperation vill f\u00f6rhindra nya 7 oktober-attacker och de som utf\u00f6rde massakern vid Nova-festivalen var knappast n\u00e5gra\u00a0\u201ds\u00e5 kallade\u201d\u00a0terrorister. Bos\u00e4ttarv\u00e5ldet handlar d\u00e4remot om ren kriminalitet och n\u00e5got som kan betecknas som inhemsk terrorism. <\/p>\n<p>Men vilka motsvarar de i sagohistorien? Det finns m\u00e5nga exempel:\u00a0Finn\u00a0i Star Wars,\u00a0Edmund\u00a0i Narnia eller\u00a0Prometheus\u00a0i grekisk mytologi. Allts\u00e5 karakt\u00e4rer som svikit en ondskefull sida men som till slut blir till hj\u00e4lte f\u00f6r de goda. <\/p>\n","protected":false},"excerpt":{"rendered":"Cecilia Udd\u00e9ns bevakning av Israel-Palestina \u00e4r som ett skolboksexempel p\u00e5 n\u00e4r verkligheten pressas in i en\u00a0R\u00f6dluvan och vargen-saga.&hellip;\n","protected":false},"author":2,"featured_media":92905,"comment_status":"","ping_status":"","sticky":false,"template":"","format":"standard","meta":{"footnotes":""},"categories":[67],"tags":[5479,10786,104,864,796,34,31,33,785,32,30,105],"class_list":{"0":"post-92904","1":"post","2":"type-post","3":"status-publish","4":"format-standard","5":"has-post-thumbnail","7":"category-underhallning","8":"tag-7-oktober","9":"tag-cecilia-udden","10":"tag-entertainment","11":"tag-israel-palestina","12":"tag-public-service","13":"tag-se","14":"tag-svenska","15":"tag-sverige","16":"tag-sveriges-radio","17":"tag-sweden","18":"tag-swedish","19":"tag-underhallning"},"share_on_mastodon":{"url":"https:\/\/pubeurope.com\/@se\/115633273134581349","error":""},"_links":{"self":[{"href":"https:\/\/www.europesays.com\/se\/wp-json\/wp\/v2\/posts\/92904","targetHints":{"allow":["GET"]}}],"collection":[{"href":"https:\/\/www.europesays.com\/se\/wp-json\/wp\/v2\/posts"}],"about":[{"href":"https:\/\/www.europesays.com\/se\/wp-json\/wp\/v2\/types\/post"}],"author":[{"embeddable":true,"href":"https:\/\/www.europesays.com\/se\/wp-json\/wp\/v2\/users\/2"}],"replies":[{"embeddable":true,"href":"https:\/\/www.europesays.com\/se\/wp-json\/wp\/v2\/comments?post=92904"}],"version-history":[{"count":0,"href":"https:\/\/www.europesays.com\/se\/wp-json\/wp\/v2\/posts\/92904\/revisions"}],"wp:featuredmedia":[{"embeddable":true,"href":"https:\/\/www.europesays.com\/se\/wp-json\/wp\/v2\/media\/92905"}],"wp:attachment":[{"href":"https:\/\/www.europesays.com\/se\/wp-json\/wp\/v2\/media?parent=92904"}],"wp:term":[{"taxonomy":"category","embeddable":true,"href":"https:\/\/www.europesays.com\/se\/wp-json\/wp\/v2\/categories?post=92904"},{"taxonomy":"post_tag","embeddable":true,"href":"https:\/\/www.europesays.com\/se\/wp-json\/wp\/v2\/tags?post=92904"}],"curies":[{"name":"wp","href":"https:\/\/api.w.org\/{rel}","templated":true}]}}