{"id":92932,"date":"2025-11-29T14:28:20","date_gmt":"2025-11-29T14:28:20","guid":{"rendered":"https:\/\/www.europesays.com\/se\/92932\/"},"modified":"2025-11-29T14:28:20","modified_gmt":"2025-11-29T14:28:20","slug":"svensk-skrackfilm-lanserar-crowdfunding-inspirerad-av-verklig-spokhistoria","status":"publish","type":"post","link":"https:\/\/www.europesays.com\/se\/92932\/","title":{"rendered":"Svensk skr\u00e4ckfilm lanserar crowdfunding &#8211; inspirerad av verklig sp\u00f6khistoria"},"content":{"rendered":"<p>Den kommande svenska skr\u00e4ckfilmen \u201dOnt varsel\u201d i regi av Sara T\u00f6rnkvist g\u00e5r nu in i f\u00f6rproduktion. Samtidigt lanseras en crowdfundingkampanj f\u00f6r att kunna ta n\u00e4sta steg. Filmen bygger p\u00e5 en verklig sp\u00f6khistoria fr\u00e5n manusf\u00f6rfattaren <strong>Maria Forslins<\/strong> egen familj, och blandar psykologisk skr\u00e4ck, folktro och m\u00f6rka hemligheter i en nordsvensk milj\u00f6.<\/p>\n<p>Handlingen kretsar kring My, familjens svarta f\u00e5r, som tvingas m\u00f6ta ett d\u00f6dligt arv: hon \u00e4r utvald n\u00e4sta offer i en l\u00e5ngvarig f\u00f6rbannelse. F\u00f6r att \u00f6verleva m\u00e5ste hon gr\u00e4va i familjens historia och avsl\u00f6ja det som tystats ner i generationer.<\/p>\n<p>\u2013 Det h\u00e4r \u00e4r en film som ligger mig oerh\u00f6rt n\u00e4ra. Min farmor hade en unik f\u00f6rm\u00e5ga att ber\u00e4tta sp\u00f6khistorier som formade min barndom, och med \u201dOnt varsel\u201d vill jag f\u00f6ra hennes ber\u00e4ttelser vidare och lyfta fram en del av svensk folktro som ofta gl\u00f6ms bort, s\u00e4ger manusf\u00f6rfattaren Maria Forslin.<\/p>\n<p>Filmen riktar sig till en vuxen publik och planeras att spelas in i V\u00e4sternorrland under 2026. Crowdfundingkampanjen \u00e4r nu <a href=\"https:\/\/www.kickstarter.com\/projects\/thedarkinheritance\/the-dark-inheritance-my-grandmothers-ghost-story\" rel=\"nofollow noopener\" target=\"_blank\">live p\u00e5 Kickstarter.<\/a><\/p>\n<p>L\u00e4s ocks\u00e5: <a href=\"https:\/\/www.moviezine.se\/nyheter\/quiz-hur-manga-av-dessa-10-svenska-skrackfilmer-kanner-du-igen\" title=\"Quiz: Hur m\u00e5nga av dessa 10 svenska skr\u00e4ckfilmer k\u00e4nner du igen?\" class=\"underline-custom !font-montserrat !font-bold !underline-offset-4 !decoration-4 !decoration-moviezine-green !text-md\" rel=\"nofollow noopener\" target=\"_blank\">Quiz: Hur m\u00e5nga av dessa 10 svenska skr\u00e4ckfilmer k\u00e4nner du igen?<\/a><\/p>\n<p>L\u00e4s ocks\u00e5: <a href=\"https:\/\/www.moviezine.se\/nyheter\/recensioner-kritiker-betyg-egghead-republic\" title=\"Kritikerna hyllar och s\u00e5gar \u201dbisarr\u201d svensk sci-fi: \u201dVad har jag sett?\u201d\" class=\"underline-custom !font-montserrat !font-bold !underline-offset-4 !decoration-4 !decoration-moviezine-green !text-md\" rel=\"nofollow noopener\" target=\"_blank\">Kritikerna hyllar och s\u00e5gar \u201dbisarr\u201d svensk sci-fi: \u201dVad har jag sett?\u201d<\/a><\/p>\n","protected":false},"excerpt":{"rendered":"Den kommande svenska skr\u00e4ckfilmen \u201dOnt varsel\u201d i regi av Sara T\u00f6rnkvist g\u00e5r nu in i f\u00f6rproduktion. Samtidigt lanseras&hellip;\n","protected":false},"author":2,"featured_media":92933,"comment_status":"","ping_status":"","sticky":false,"template":"","format":"standard","meta":{"footnotes":""},"categories":[67],"tags":[104,34,2054,2535,31,33,32,30,105],"class_list":{"0":"post-92932","1":"post","2":"type-post","3":"status-publish","4":"format-standard","5":"has-post-thumbnail","7":"category-underhallning","8":"tag-entertainment","9":"tag-se","10":"tag-skrack","11":"tag-svensk-film","12":"tag-svenska","13":"tag-sverige","14":"tag-sweden","15":"tag-swedish","16":"tag-underhallning"},"share_on_mastodon":{"url":"https:\/\/pubeurope.com\/@se\/115633461875562275","error":""},"_links":{"self":[{"href":"https:\/\/www.europesays.com\/se\/wp-json\/wp\/v2\/posts\/92932","targetHints":{"allow":["GET"]}}],"collection":[{"href":"https:\/\/www.europesays.com\/se\/wp-json\/wp\/v2\/posts"}],"about":[{"href":"https:\/\/www.europesays.com\/se\/wp-json\/wp\/v2\/types\/post"}],"author":[{"embeddable":true,"href":"https:\/\/www.europesays.com\/se\/wp-json\/wp\/v2\/users\/2"}],"replies":[{"embeddable":true,"href":"https:\/\/www.europesays.com\/se\/wp-json\/wp\/v2\/comments?post=92932"}],"version-history":[{"count":0,"href":"https:\/\/www.europesays.com\/se\/wp-json\/wp\/v2\/posts\/92932\/revisions"}],"wp:featuredmedia":[{"embeddable":true,"href":"https:\/\/www.europesays.com\/se\/wp-json\/wp\/v2\/media\/92933"}],"wp:attachment":[{"href":"https:\/\/www.europesays.com\/se\/wp-json\/wp\/v2\/media?parent=92932"}],"wp:term":[{"taxonomy":"category","embeddable":true,"href":"https:\/\/www.europesays.com\/se\/wp-json\/wp\/v2\/categories?post=92932"},{"taxonomy":"post_tag","embeddable":true,"href":"https:\/\/www.europesays.com\/se\/wp-json\/wp\/v2\/tags?post=92932"}],"curies":[{"name":"wp","href":"https:\/\/api.w.org\/{rel}","templated":true}]}}