{"id":92940,"date":"2025-11-29T15:13:08","date_gmt":"2025-11-29T15:13:08","guid":{"rendered":"https:\/\/www.europesays.com\/se\/92940\/"},"modified":"2025-11-29T15:13:08","modified_gmt":"2025-11-29T15:13:08","slug":"tva-flickor-till-sjukhus-efter-fyrhjulingsolyckor","status":"publish","type":"post","link":"https:\/\/www.europesays.com\/se\/92940\/","title":{"rendered":"Tv\u00e5 flickor till sjukhus efter fyrhjulingsolyckor"},"content":{"rendered":"<p>Tv\u00e5 flickor under 16 \u00e5r har f\u00f6rts till sjukhus, varav en med ambulanshelikopter, efter tv\u00e5 fyrhjulingsolyckor i M\u00f6lnbo utanf\u00f6r S\u00f6dert\u00e4lje. Det rapporterar Expressen och L\u00e4nstidningen.<\/p>\n<p>Polisen larmades f\u00f6rst vid 13-tiden sedan den ena flickan f\u00e5tt en fyrhjuling \u00f6ver sig. Kort d\u00e4refter k\u00f6rde ytterligare en flicka omkull.<\/p>\n<p>\u2013 Det \u00e4r en person som var p\u00e5 v\u00e4g till den f\u00f6rsta platsen som ocks\u00e5 har k\u00f6rt omkull. Den personen unders\u00f6ks av ambulans, s\u00e4ger Anders Sessler, vid r\u00e4ddningstj\u00e4nsten, till L\u00e4nstidningen.<\/p>\n<p>Skadel\u00e4get \u00e4r oklart.<\/p>\n<p>Omni \u00e4r politiskt obundna och oberoende. Vi str\u00e4var efter att ge fler perspektiv p\u00e5 nyheterna. Har du fr\u00e5gor eller synpunkter kring v\u00e5r rapportering? <a href=\"https:\/\/omni.se\/tva-flickor-till-sjukhus-efter-fyrhjulingsolyckor\/a\/mailto:redaktion@omni.se\" class=\"ArticleActions_contactLink__W2F1M\" rel=\"nofollow noopener\" target=\"_blank\">Kontakta redaktionen<\/a><\/p>\n","protected":false},"excerpt":{"rendered":"Tv\u00e5 flickor under 16 \u00e5r har f\u00f6rts till sjukhus, varav en med ambulanshelikopter, efter tv\u00e5 fyrhjulingsolyckor i M\u00f6lnbo&hellip;\n","protected":false},"author":2,"featured_media":92941,"comment_status":"","ping_status":"","sticky":false,"template":"","format":"standard","meta":{"footnotes":""},"categories":[5],"tags":[22,23,26,27,17,21,24,25,28,29,15,16,18,34,1547,2799,31,33,32,30,19,20],"class_list":{"0":"post-92940","1":"post","2":"type-post","3":"status-publish","4":"format-standard","5":"has-post-thumbnail","7":"category-rubriker","8":"tag-breaking-news","9":"tag-breakingnews","10":"tag-featured-news","11":"tag-featurednews","12":"tag-headlines","13":"tag-huvudnyheter","14":"tag-latest-news","15":"tag-latestnews","16":"tag-main-news","17":"tag-mainnews","18":"tag-news","19":"tag-nyheter","20":"tag-rubriker","21":"tag-se","22":"tag-sodermanlands-lan","23":"tag-sodertalje","24":"tag-svenska","25":"tag-sverige","26":"tag-sweden","27":"tag-swedish","28":"tag-top-stories","29":"tag-topstories"},"share_on_mastodon":{"url":"https:\/\/pubeurope.com\/@se\/115633638824972982","error":""},"_links":{"self":[{"href":"https:\/\/www.europesays.com\/se\/wp-json\/wp\/v2\/posts\/92940","targetHints":{"allow":["GET"]}}],"collection":[{"href":"https:\/\/www.europesays.com\/se\/wp-json\/wp\/v2\/posts"}],"about":[{"href":"https:\/\/www.europesays.com\/se\/wp-json\/wp\/v2\/types\/post"}],"author":[{"embeddable":true,"href":"https:\/\/www.europesays.com\/se\/wp-json\/wp\/v2\/users\/2"}],"replies":[{"embeddable":true,"href":"https:\/\/www.europesays.com\/se\/wp-json\/wp\/v2\/comments?post=92940"}],"version-history":[{"count":0,"href":"https:\/\/www.europesays.com\/se\/wp-json\/wp\/v2\/posts\/92940\/revisions"}],"wp:featuredmedia":[{"embeddable":true,"href":"https:\/\/www.europesays.com\/se\/wp-json\/wp\/v2\/media\/92941"}],"wp:attachment":[{"href":"https:\/\/www.europesays.com\/se\/wp-json\/wp\/v2\/media?parent=92940"}],"wp:term":[{"taxonomy":"category","embeddable":true,"href":"https:\/\/www.europesays.com\/se\/wp-json\/wp\/v2\/categories?post=92940"},{"taxonomy":"post_tag","embeddable":true,"href":"https:\/\/www.europesays.com\/se\/wp-json\/wp\/v2\/tags?post=92940"}],"curies":[{"name":"wp","href":"https:\/\/api.w.org\/{rel}","templated":true}]}}