{"id":92942,"date":"2025-11-29T15:14:11","date_gmt":"2025-11-29T15:14:11","guid":{"rendered":"https:\/\/www.europesays.com\/se\/92942\/"},"modified":"2025-11-29T15:14:11","modified_gmt":"2025-11-29T15:14:11","slug":"antidepp-och-kbt-darfor-sticker-sveriges-psykiatri-ut","status":"publish","type":"post","link":"https:\/\/www.europesays.com\/se\/92942\/","title":{"rendered":"Antidepp och KBT \u2013 d\u00e4rf\u00f6r sticker Sveriges psykiatri ut"},"content":{"rendered":"<p>De vanligaste behandlingarna mot \u00e5ngest och depression \u00e4r psykofarmaka och KBT. Men d\u00e4r sticker Sverige ut. I l\u00e4nder som Finland och Tyskland finns ett bredare v\u00e5rdutbud \u2013 vilket gett goda resultat.<\/p>\n<p>Men l\u00e4karen Lars von Knorring, som varit med och utformat Socialstyrelsens riktlinjer, f\u00f6rsvarar Sveriges h\u00e5llning \u2013 och s\u00e4tter sin tilltro till gig-ekonomin. <\/p>\n<p>\u2013 Du kan ju fortfarande, med de h\u00e4r problemen, vara cykelbud p\u00e5 Foodora. Vilket skulle kunna vara en dell\u00f6sning p\u00e5 problemet, s\u00e4ger han.<\/p>\n","protected":false},"excerpt":{"rendered":"De vanligaste behandlingarna mot \u00e5ngest och depression \u00e4r psykofarmaka och KBT. Men d\u00e4r sticker Sverige ut. I l\u00e4nder&hellip;\n","protected":false},"author":2,"featured_media":92943,"comment_status":"","ping_status":"","sticky":false,"template":"","format":"standard","meta":{"footnotes":""},"categories":[69],"tags":[113,112,34,31,33,32,30],"class_list":{"0":"post-92942","1":"post","2":"type-post","3":"status-publish","4":"format-standard","5":"has-post-thumbnail","7":"category-halsa","8":"tag-halsa","9":"tag-health","10":"tag-se","11":"tag-svenska","12":"tag-sverige","13":"tag-sweden","14":"tag-swedish"},"share_on_mastodon":{"url":"https:\/\/pubeurope.com\/@se\/115633642806868070","error":""},"_links":{"self":[{"href":"https:\/\/www.europesays.com\/se\/wp-json\/wp\/v2\/posts\/92942","targetHints":{"allow":["GET"]}}],"collection":[{"href":"https:\/\/www.europesays.com\/se\/wp-json\/wp\/v2\/posts"}],"about":[{"href":"https:\/\/www.europesays.com\/se\/wp-json\/wp\/v2\/types\/post"}],"author":[{"embeddable":true,"href":"https:\/\/www.europesays.com\/se\/wp-json\/wp\/v2\/users\/2"}],"replies":[{"embeddable":true,"href":"https:\/\/www.europesays.com\/se\/wp-json\/wp\/v2\/comments?post=92942"}],"version-history":[{"count":0,"href":"https:\/\/www.europesays.com\/se\/wp-json\/wp\/v2\/posts\/92942\/revisions"}],"wp:featuredmedia":[{"embeddable":true,"href":"https:\/\/www.europesays.com\/se\/wp-json\/wp\/v2\/media\/92943"}],"wp:attachment":[{"href":"https:\/\/www.europesays.com\/se\/wp-json\/wp\/v2\/media?parent=92942"}],"wp:term":[{"taxonomy":"category","embeddable":true,"href":"https:\/\/www.europesays.com\/se\/wp-json\/wp\/v2\/categories?post=92942"},{"taxonomy":"post_tag","embeddable":true,"href":"https:\/\/www.europesays.com\/se\/wp-json\/wp\/v2\/tags?post=92942"}],"curies":[{"name":"wp","href":"https:\/\/api.w.org\/{rel}","templated":true}]}}