{"id":92962,"date":"2025-11-29T16:07:08","date_gmt":"2025-11-29T16:07:08","guid":{"rendered":"https:\/\/www.europesays.com\/se\/92962\/"},"modified":"2025-11-29T16:07:08","modified_gmt":"2025-11-29T16:07:08","slug":"dn-direkt-e18-avstangd-i-stockholm-efter-trafikolycka","status":"publish","type":"post","link":"https:\/\/www.europesays.com\/se\/92962\/","title":{"rendered":"DN Direkt \u2013 E18 avst\u00e4ngd i Stockholm efter trafikolycka"},"content":{"rendered":"<p>Handeln p\u00e5 Stockholmsb\u00f6rsen var avvaktande p\u00e5 fredagen, och breda OMXS-index st\u00e4ngde 0,1 procent ned, efter att ha stigit fyra dagar i rad. F\u00f6r veckan som helhet noterades en uppg\u00e5ng p\u00e5 3,2 procent.<\/p>\n<p>Storbolagsindexet OMXS30 (\u20130,1 procent) toppades av v\u00e4rmepumptillverkaren Nibe och gruvbolaget Boliden, upp 3,3 respektive 2,5 procent. S\u00e4mst gick m\u00e4tteknikf\u00f6retaget Hexagon (\u20131,5).<\/p>\n<p>Telia steg 0,2 procent efter att storbanken JP Morgan f\u00f6rsett aktien med en k\u00f6prekommendation.<\/p>\n<p>I Asien kretsade b\u00f6rsernas index runt nollan, medan de ledande europeiska b\u00f6rserna i Frankfurt, London och Paris steg n\u00e5got.<\/p>\n<p>Kronan fortsatte att st\u00e4rkas mot b\u00e5de dollarn (9,44 kronor) och euron (10,95).<\/p>\n","protected":false},"excerpt":{"rendered":"Handeln p\u00e5 Stockholmsb\u00f6rsen var avvaktande p\u00e5 fredagen, och breda OMXS-index st\u00e4ngde 0,1 procent ned, efter att ha stigit&hellip;\n","protected":false},"author":2,"featured_media":14013,"comment_status":"","ping_status":"","sticky":false,"template":"","format":"standard","meta":{"footnotes":""},"categories":[14],"tags":[22,23,26,27,17,21,24,25,28,29,15,16,18,34,31,33,32,30,19,20,51,52,53,54],"class_list":{"0":"post-92962","1":"post","2":"type-post","3":"status-publish","4":"format-standard","5":"has-post-thumbnail","7":"category-varlden","8":"tag-breaking-news","9":"tag-breakingnews","10":"tag-featured-news","11":"tag-featurednews","12":"tag-headlines","13":"tag-huvudnyheter","14":"tag-latest-news","15":"tag-latestnews","16":"tag-main-news","17":"tag-mainnews","18":"tag-news","19":"tag-nyheter","20":"tag-rubriker","21":"tag-se","22":"tag-svenska","23":"tag-sverige","24":"tag-sweden","25":"tag-swedish","26":"tag-top-stories","27":"tag-topstories","28":"tag-varlden","29":"tag-world","30":"tag-world-news","31":"tag-worldnews"},"share_on_mastodon":{"url":"https:\/\/pubeurope.com\/@se\/115633851226008168","error":""},"_links":{"self":[{"href":"https:\/\/www.europesays.com\/se\/wp-json\/wp\/v2\/posts\/92962","targetHints":{"allow":["GET"]}}],"collection":[{"href":"https:\/\/www.europesays.com\/se\/wp-json\/wp\/v2\/posts"}],"about":[{"href":"https:\/\/www.europesays.com\/se\/wp-json\/wp\/v2\/types\/post"}],"author":[{"embeddable":true,"href":"https:\/\/www.europesays.com\/se\/wp-json\/wp\/v2\/users\/2"}],"replies":[{"embeddable":true,"href":"https:\/\/www.europesays.com\/se\/wp-json\/wp\/v2\/comments?post=92962"}],"version-history":[{"count":0,"href":"https:\/\/www.europesays.com\/se\/wp-json\/wp\/v2\/posts\/92962\/revisions"}],"wp:featuredmedia":[{"embeddable":true,"href":"https:\/\/www.europesays.com\/se\/wp-json\/wp\/v2\/media\/14013"}],"wp:attachment":[{"href":"https:\/\/www.europesays.com\/se\/wp-json\/wp\/v2\/media?parent=92962"}],"wp:term":[{"taxonomy":"category","embeddable":true,"href":"https:\/\/www.europesays.com\/se\/wp-json\/wp\/v2\/categories?post=92962"},{"taxonomy":"post_tag","embeddable":true,"href":"https:\/\/www.europesays.com\/se\/wp-json\/wp\/v2\/tags?post=92962"}],"curies":[{"name":"wp","href":"https:\/\/api.w.org\/{rel}","templated":true}]}}