{"id":92977,"date":"2025-11-29T16:39:12","date_gmt":"2025-11-29T16:39:12","guid":{"rendered":"https:\/\/www.europesays.com\/se\/92977\/"},"modified":"2025-11-29T16:39:12","modified_gmt":"2025-11-29T16:39:12","slug":"olyckor-med-fyrhjuling-utanfor-gnesta","status":"publish","type":"post","link":"https:\/\/www.europesays.com\/se\/92977\/","title":{"rendered":"Olyckor med fyrhjuling utanf\u00f6r Gnesta"},"content":{"rendered":"<p>Den f\u00f6rsta olyckan intr\u00e4ffade vid klockan 12.45 p\u00e5 l\u00f6rdagen. En flicka hade k\u00f6rt fyrhjuling p\u00e5 en v\u00e4g i M\u00f6lnbo i S\u00f6dert\u00e4lje kommun och voltade. D\u00e4refter fick hon det tunga fordonet \u00f6ver sig, skriver LT.R\u00e4ddningstj\u00e4nst, polis och ambulans larmades och en ambulanshelikopter fl\u00f6g till platsen.Vid klockan 13.14 intr\u00e4ffade n\u00e4sta olycka, som h\u00e4nger ihop med den f\u00f6rsta.\u2013 Det<\/p>\n","protected":false},"excerpt":{"rendered":"Den f\u00f6rsta olyckan intr\u00e4ffade vid klockan 12.45 p\u00e5 l\u00f6rdagen. En flicka hade k\u00f6rt fyrhjuling p\u00e5 en v\u00e4g i&hellip;\n","protected":false},"author":2,"featured_media":92978,"comment_status":"","ping_status":"","sticky":false,"template":"","format":"standard","meta":{"footnotes":""},"categories":[14],"tags":[22,23,26,27,17,21,24,25,28,29,15,16,18,34,31,33,32,30,19,20,51,52,53,54],"class_list":{"0":"post-92977","1":"post","2":"type-post","3":"status-publish","4":"format-standard","5":"has-post-thumbnail","7":"category-varlden","8":"tag-breaking-news","9":"tag-breakingnews","10":"tag-featured-news","11":"tag-featurednews","12":"tag-headlines","13":"tag-huvudnyheter","14":"tag-latest-news","15":"tag-latestnews","16":"tag-main-news","17":"tag-mainnews","18":"tag-news","19":"tag-nyheter","20":"tag-rubriker","21":"tag-se","22":"tag-svenska","23":"tag-sverige","24":"tag-sweden","25":"tag-swedish","26":"tag-top-stories","27":"tag-topstories","28":"tag-varlden","29":"tag-world","30":"tag-world-news","31":"tag-worldnews"},"share_on_mastodon":{"url":"https:\/\/pubeurope.com\/@se\/115633977016837088","error":""},"_links":{"self":[{"href":"https:\/\/www.europesays.com\/se\/wp-json\/wp\/v2\/posts\/92977","targetHints":{"allow":["GET"]}}],"collection":[{"href":"https:\/\/www.europesays.com\/se\/wp-json\/wp\/v2\/posts"}],"about":[{"href":"https:\/\/www.europesays.com\/se\/wp-json\/wp\/v2\/types\/post"}],"author":[{"embeddable":true,"href":"https:\/\/www.europesays.com\/se\/wp-json\/wp\/v2\/users\/2"}],"replies":[{"embeddable":true,"href":"https:\/\/www.europesays.com\/se\/wp-json\/wp\/v2\/comments?post=92977"}],"version-history":[{"count":0,"href":"https:\/\/www.europesays.com\/se\/wp-json\/wp\/v2\/posts\/92977\/revisions"}],"wp:featuredmedia":[{"embeddable":true,"href":"https:\/\/www.europesays.com\/se\/wp-json\/wp\/v2\/media\/92978"}],"wp:attachment":[{"href":"https:\/\/www.europesays.com\/se\/wp-json\/wp\/v2\/media?parent=92977"}],"wp:term":[{"taxonomy":"category","embeddable":true,"href":"https:\/\/www.europesays.com\/se\/wp-json\/wp\/v2\/categories?post=92977"},{"taxonomy":"post_tag","embeddable":true,"href":"https:\/\/www.europesays.com\/se\/wp-json\/wp\/v2\/tags?post=92977"}],"curies":[{"name":"wp","href":"https:\/\/api.w.org\/{rel}","templated":true}]}}