{"id":93000,"date":"2025-11-29T17:34:16","date_gmt":"2025-11-29T17:34:16","guid":{"rendered":"https:\/\/www.europesays.com\/se\/93000\/"},"modified":"2025-11-29T17:34:16","modified_gmt":"2025-11-29T17:34:16","slug":"sony-presenterar-kamerasensor-pa-200-mp","status":"publish","type":"post","link":"https:\/\/www.europesays.com\/se\/93000\/","title":{"rendered":"Sony presenterar kamerasensor p\u00e5 200 MP"},"content":{"rendered":"<p class=\"kicker t20 font-Raleway\" style=\"\">Gott om pixlar<\/p>\n<p>    Sony lanserar en mobilbildsensor som kan ta bilder med ungef\u00e4r 200 megapixlar och har inbyggd AI som g\u00f6r bilderna skarpa \u00e4ven vid zoom.<\/p>\n<p>Sony har presenterat en ny bildsensor f\u00f6r mobilkameror som lovar att f\u00f6r\u00e4ndra hur vi tar bilder med telefoner. Sensorn heter\u00a0<a href=\"https:\/\/www.sony-semicon.com\/en\/info\/2025\/2025112701.html \" target=\"_blank\" rel=\"nofollow noopener\">LYTIA 901<\/a>\u00a0och har\u00a0cirka 200 effektiva megapixlar, vilket betyder att den kan f\u00e5nga extremt mycket detalj i en bild j\u00e4mf\u00f6rt med vanliga mobilkameror. F\u00f6r att f\u00e5 plats med s\u00e5 m\u00e5nga pixlar har Sony anv\u00e4nt en mycket liten pixelstorlek p\u00e5\u00a00,7 mikrometer, samtidigt som de byggt sensorn i ett\u00a0st\u00f6rre 1\/1.12\u2011format f\u00f6r att f\u00e5 in mer ljus och b\u00e4ttre bildkvalitet.\u00a0<\/p>\n<p>Tekniken bakom sensorn kan verka komplicerad, men t\u00e4nk p\u00e5 den som en smart mosaik. Ist\u00e4llet f\u00f6r att varje pixel jobbar helt sj\u00e4lv, grupperar sensorn 16 intilliggande pixlar i en fyrkant med samma f\u00e4rg \u2014 det kallas\u00a0Quad\u2011Quad\u00a0Bayer\u00a0Coding\u00a0(QQBC). N\u00e4r du tar vanliga bilder sl\u00e5s signalerna fr\u00e5n de 16 pixlarna ihop s\u00e5 att kameran blir k\u00e4nsligare i m\u00f6rka milj\u00f6er. N\u00e4r du zoomar in g\u00f6r sensorn n\u00e5got som kallas\u00a0remosaicing, d\u00e4r den \u00e5terst\u00e4ller de individuella pixlarna f\u00f6r att f\u00e5 tillbaka h\u00f6g uppl\u00f6sning och detaljer.\u00a0<\/p>\n<p>Det som g\u00f6r LYTIA 901 s\u00e4rskilt intressant \u00e4r att\u00a0remosaicingen\u00a0drivs av AI som sitter inne i sj\u00e4lva sensorn. Det betyder att sensorn kan g\u00f6ra avancerade ber\u00e4kningar snabbt och direkt, utan att beh\u00f6va skicka allt till telefonens\u00a0huvudprocessor. Resultatet \u00e4r att du kan filma i\u00a04K med upp till 30 bilder per sekund \u00e4ven n\u00e4r du zoomar 4\u00d7, och detaljer som sm\u00e5 bokst\u00e4ver eller m\u00f6nster \u00e5terges b\u00e4ttre \u00e4n tidigare.\u00a0<\/p>\n<p>Sony har ocks\u00e5 f\u00f6rb\u00e4ttrat hur sensorn hanterar ljus och kontrast. Genom att anv\u00e4nda tekniker som\u00a0DCG\u2011HDR, en\u00a012\u2011bitars ADC\u00a0och en hybrid\u2011HDR\u2011metod kan sensorn f\u00e5 ett mycket st\u00f6rre dynamiskt omf\u00e5ng vilket hj\u00e4lper till att undvika\u00a0utfr\u00e4tta\u00a0h\u00f6gdagrar och svarta skuggor samtidigt. Det betyder att bilder ser mer ut som vad \u00f6gat faktiskt ser, med fler nyanser i b\u00e5de ljusa och m\u00f6rka partier.\u00a0<\/p>\n<p>Sony s\u00e4ger att sensorn b\u00f6rjar massproduceras i november 2025, och den kan bli en viktig komponent i n\u00e4sta generations telefonkameror som vill erbjuda b\u00e5de h\u00f6g uppl\u00f6sning och smart AI\u2011bearbetning direkt i sensorn.\u00a0<\/p>\n","protected":false},"excerpt":{"rendered":"Gott om pixlar Sony lanserar en mobilbildsensor som kan ta bilder med ungef\u00e4r 200 megapixlar och har inbyggd&hellip;\n","protected":false},"author":2,"featured_media":93001,"comment_status":"","ping_status":"","sticky":false,"template":"","format":"standard","meta":{"footnotes":""},"categories":[66],"tags":[80,78,79,34,31,33,32,30,81,84,83,82],"class_list":{"0":"post-93000","1":"post","2":"type-post","3":"status-publish","4":"format-standard","5":"has-post-thumbnail","7":"category-vetenskap-och-teknik","8":"tag-science","9":"tag-science-and-technology","10":"tag-scienceandtechnology","11":"tag-se","12":"tag-svenska","13":"tag-sverige","14":"tag-sweden","15":"tag-swedish","16":"tag-technology","17":"tag-teknik","18":"tag-vetenskap","19":"tag-vetenskapteknik"},"share_on_mastodon":{"url":"https:\/\/pubeurope.com\/@se\/115634193257518866","error":""},"_links":{"self":[{"href":"https:\/\/www.europesays.com\/se\/wp-json\/wp\/v2\/posts\/93000","targetHints":{"allow":["GET"]}}],"collection":[{"href":"https:\/\/www.europesays.com\/se\/wp-json\/wp\/v2\/posts"}],"about":[{"href":"https:\/\/www.europesays.com\/se\/wp-json\/wp\/v2\/types\/post"}],"author":[{"embeddable":true,"href":"https:\/\/www.europesays.com\/se\/wp-json\/wp\/v2\/users\/2"}],"replies":[{"embeddable":true,"href":"https:\/\/www.europesays.com\/se\/wp-json\/wp\/v2\/comments?post=93000"}],"version-history":[{"count":0,"href":"https:\/\/www.europesays.com\/se\/wp-json\/wp\/v2\/posts\/93000\/revisions"}],"wp:featuredmedia":[{"embeddable":true,"href":"https:\/\/www.europesays.com\/se\/wp-json\/wp\/v2\/media\/93001"}],"wp:attachment":[{"href":"https:\/\/www.europesays.com\/se\/wp-json\/wp\/v2\/media?parent=93000"}],"wp:term":[{"taxonomy":"category","embeddable":true,"href":"https:\/\/www.europesays.com\/se\/wp-json\/wp\/v2\/categories?post=93000"},{"taxonomy":"post_tag","embeddable":true,"href":"https:\/\/www.europesays.com\/se\/wp-json\/wp\/v2\/tags?post=93000"}],"curies":[{"name":"wp","href":"https:\/\/api.w.org\/{rel}","templated":true}]}}