{"id":93013,"date":"2025-11-29T17:58:17","date_gmt":"2025-11-29T17:58:17","guid":{"rendered":"https:\/\/www.europesays.com\/se\/93013\/"},"modified":"2025-11-29T17:58:17","modified_gmt":"2025-11-29T17:58:17","slug":"usa-och-ryssland-i-gemensamt-projekt-planen-ar-atta-manader","status":"publish","type":"post","link":"https:\/\/www.europesays.com\/se\/93013\/","title":{"rendered":"USA och Ryssland i gemensamt projekt \u2013 planen \u00e4r \u00e5tta m\u00e5nader"},"content":{"rendered":"<p>Under torsdagen har en rysk rymdfarkost skjutits iv\u00e4g med sikte p\u00e5 den internationella rymdstationen.<\/p>\n<p>Ombord p\u00e5 farkosten, som sk\u00f6ts upp fr\u00e5n en uppskjutningsanl\u00e4ggning i Kazakstan som Ryssland hyr, finns tre personer.<\/p>\n<p>Bes\u00e4ttningen best\u00e5r av tv\u00e5 ryssar och en amerikan.<\/p>\n<p>\u2013 Rymdfarkosten transporterade NASA-astronauten Chris Williams och tv\u00e5 ryska bes\u00e4ttningskamrater, Sergei Mikaev och Sergei Kud-Sverchkov, rapporterar AP.<\/p>\n<p>\u2013 Farkosten dockade vid den internationella rymdstationen ungef\u00e4r tre timmar efter uppskjutning.<\/p>\n<p><strong>\u00c5tta m\u00e5nader i rymden<\/strong><\/p>\n<p>De tre rymdfararna ska spendera omkring \u00e5tta m\u00e5nader p\u00e5 rymdstationen.<\/p>\n<p>F\u00f6r astronauten fr\u00e5n NASA \u00e4r det den f\u00f6rsta resan till rymden.<\/p>\n<p>\u2013 Williams kommer att genomf\u00f6ra vetenskaplig forskning och teknikdemonstrationer vid utposten med syfte att fr\u00e4mja m\u00e4nsklig rymdforskning och gynna livet p\u00e5 jorden, uppger NASA, rapporterar nyhetsbyr\u00e5n.<\/p>\n<p>En av ryssarna g\u00f6r ocks\u00e5 sin f\u00f6rsta resa, men den andra ryssen har varit i rymden vid ett tillf\u00e4lle tidigare.<\/p>\n<p>\u2013 Vid den internationella rymdstationen kommer trion att ansluta sig till NASA-astronauterna Mike Fincke, Zena Cardman och Jonny Kim, Japans astronaut Kimiya Yui samt de ryska kosmonauterna Sergei Ryzhikov, Alexei Zubritsky och Oleg Platonov, uppger nyhetsbyr\u00e5n.<\/p>\n<p>L\u00c4S OCKS\u00c5: <a href=\"https:\/\/ekonomibladet.se\/lukasjenko-dundrar-kan-forsvinna-pa-ett-ogonblick\/\" rel=\"nofollow noopener\" target=\"_blank\">Lukasjenko dundrar \u2013 \u201dKan f\u00f6rsvinna p\u00e5 ett \u00f6gonblick\u201d<\/a><\/p>\n<p><strong>Fakta internationella rymdstationen<\/strong><\/p>\n<p>&#8211; Den internationella rymdstationen \u00e4r st\u00f6rre \u00e4n ett hus med sex sovrum, tv\u00e5 badrum och ett gym.<\/p>\n<p>&#8211; Den drivs av ett internationellt partnerskap mellan fem rymdorganisationer fr\u00e5n 15 l\u00e4nder.<\/p>\n<p>&#8211; Rymdstationen har varit bebodd sedan november 2000.<\/p>\n<p>&#8211; Sju personer lever och arbetar samtidigt p\u00e5 stationen.<\/p>\n<p>&#8211; P\u00e5 24 timmar g\u00f6r rymdstationen 16 varv runt jorden och f\u00e4rdas genom 16 soluppg\u00e5ngar och solnedg\u00e5ngar.<\/p>\n<p>&#8211; F\u00f6r att minska f\u00f6rlusten av muskel- och benmassa tr\u00e4nar astronauterna minst tv\u00e5 timmar om dagen.<\/p>\n<p>&#8211; Solpanelens vingspann \u00e4r 109 meter l\u00e5ngt.<\/p>\n<p>K\u00e4lla: NASA<\/p>\n<p>L\u00c4S OCKS\u00c5: <a style=\"color: #0000ff;\" href=\"https:\/\/ekonomibladet.se\/natochefen-satter-ned-foten-trotsar-usa-och-ryssland\/\" rel=\"nofollow noopener\" target=\"_blank\">Natochefen s\u00e4tter ned foten \u2013 trotsar USA och Ryssland <\/a><\/p>\n<p>Foto: Balkan Photos<\/p>\n<p>Text: Redaktionen<\/p>\n","protected":false},"excerpt":{"rendered":"Under torsdagen har en rysk rymdfarkost skjutits iv\u00e4g med sikte p\u00e5 den internationella rymdstationen. Ombord p\u00e5 farkosten, som&hellip;\n","protected":false},"author":2,"featured_media":93014,"comment_status":"","ping_status":"","sticky":false,"template":"","format":"standard","meta":{"footnotes":""},"categories":[66],"tags":[80,78,79,34,31,33,32,30,81,84,83,82],"class_list":{"0":"post-93013","1":"post","2":"type-post","3":"status-publish","4":"format-standard","5":"has-post-thumbnail","7":"category-vetenskap-och-teknik","8":"tag-science","9":"tag-science-and-technology","10":"tag-scienceandtechnology","11":"tag-se","12":"tag-svenska","13":"tag-sverige","14":"tag-sweden","15":"tag-swedish","16":"tag-technology","17":"tag-teknik","18":"tag-vetenskap","19":"tag-vetenskapteknik"},"share_on_mastodon":{"url":"https:\/\/pubeurope.com\/@se\/115634287601621883","error":""},"_links":{"self":[{"href":"https:\/\/www.europesays.com\/se\/wp-json\/wp\/v2\/posts\/93013","targetHints":{"allow":["GET"]}}],"collection":[{"href":"https:\/\/www.europesays.com\/se\/wp-json\/wp\/v2\/posts"}],"about":[{"href":"https:\/\/www.europesays.com\/se\/wp-json\/wp\/v2\/types\/post"}],"author":[{"embeddable":true,"href":"https:\/\/www.europesays.com\/se\/wp-json\/wp\/v2\/users\/2"}],"replies":[{"embeddable":true,"href":"https:\/\/www.europesays.com\/se\/wp-json\/wp\/v2\/comments?post=93013"}],"version-history":[{"count":0,"href":"https:\/\/www.europesays.com\/se\/wp-json\/wp\/v2\/posts\/93013\/revisions"}],"wp:featuredmedia":[{"embeddable":true,"href":"https:\/\/www.europesays.com\/se\/wp-json\/wp\/v2\/media\/93014"}],"wp:attachment":[{"href":"https:\/\/www.europesays.com\/se\/wp-json\/wp\/v2\/media?parent=93013"}],"wp:term":[{"taxonomy":"category","embeddable":true,"href":"https:\/\/www.europesays.com\/se\/wp-json\/wp\/v2\/categories?post=93013"},{"taxonomy":"post_tag","embeddable":true,"href":"https:\/\/www.europesays.com\/se\/wp-json\/wp\/v2\/tags?post=93013"}],"curies":[{"name":"wp","href":"https:\/\/api.w.org\/{rel}","templated":true}]}}