{"id":93105,"date":"2025-11-29T20:29:22","date_gmt":"2025-11-29T20:29:22","guid":{"rendered":"https:\/\/www.europesays.com\/se\/93105\/"},"modified":"2025-11-29T20:29:22","modified_gmt":"2025-11-29T20:29:22","slug":"andrij-jermak-lamnar-efter-korruptionsskandal-aker-till-fronten","status":"publish","type":"post","link":"https:\/\/www.europesays.com\/se\/93105\/","title":{"rendered":"Andrij Jermak l\u00e4mnar efter korruptionsskandal: \u201d\u00c5ker till fronten\u201d"},"content":{"rendered":"<p>Zelenskyjs m\u00e4ktige stabschef har avg\u00e5tt efter att ha pekats ut i den massiva korruptionsh\u00e4rvan<\/p>\n<p>Nu \u00e4r Andrij Jermak p\u00e5 v\u00e4g till fronten.<\/p>\n<p>\u201dJag \u00e4r \u00e4cklad av smutsen som riktas mot mig och \u00e4nnu mer \u00e4cklad av bristen p\u00e5 st\u00f6d fr\u00e5n dem som k\u00e4nner till sanningen\u201d, skriver han till <a href=\"https:\/\/nypost.com\/2025\/11\/28\/world-news\/andriy-yermak-is-prepared-for-any-reprisals-after-resignation-from-ukraines-govt\/\" rel=\"nofollow noopener\" target=\"_blank\">New York Post<\/a>.<\/p>\n<p>Nyheter, reportage och analyser i Sverige och i \u00f6vriga v\u00e4rlden.<img   alt=\"\"\/><\/p>\n<p>Andrij Jermak l\u00e4mnade sin roll som stabschef p\u00e5 fredagen.<\/p>\n<p>Foto: EUGEN KOTENKO\/UKRINFORM\/AVALON \/ STELLA PICTURES<\/p>\n<p>\u00d6ppna bild i helsk\u00e4rm<img loading=\"lazy\"   alt=\"\"\/><\/p>\n<p>Volodymyr Zelenskyk och Andrij Jermak vid ett m\u00f6te i Schweiz 2024.<\/p>\n<p>Foto: ALESSANDRO DELLA VALLE \/ POOL \/ EPA KEYSTONE EDA POOL<\/p>\n<p>\u00d6ppna bild i helsk\u00e4rm<img loading=\"lazy\"   alt=\"\"\/><\/p>\n<p>Volodymyr Zelenskyj.<\/p>\n<p>Foto: DAVID CANALES \/ STELLA PICTURES<\/p>\n<p>\u00d6ppna bild i helsk\u00e4rm<\/p>\n<p>Volodymyr Zelenskyjs stabschef Andrij Jermak l\u00e4mnade sin post p\u00e5 fredagen. Tidigare p\u00e5 morgonen hade hans kontor och hem s\u00f6kts igenom i en r\u00e4d av antikorruptionsmyndigheter.<\/p>\n<p>\u2013 Jag vill inte att det ska finnas n\u00e5gra rykten och spekulationer, sa Zelenskyj i ett tal p\u00e5 fredagskv\u00e4llen.<\/p>\n<p>Andrij Jermak beskrivs som Zelenskyjs h\u00f6gra hand och hans makt i statsapparaten har bara \u00f6kat de senaste \u00e5ren, skriver <a href=\"https:\/\/kyivindependent.com\/who-is-andriy-yermak-and-can-ukraines-new-corruption-scandal-finally-sink-him\/\" rel=\"nofollow noopener\" target=\"_blank\">Kyiv Independent<\/a>. Det har inte framf\u00f6rts n\u00e5gra formella misstankar mot honom hans namn f\u00f6rekommer i den stora korruptionsskandal som nu sl\u00e5r mot <a href=\"https:\/\/www.expressen.se\/tagg\/location\/ukraina\/\" class=\"\" rel=\"nofollow noopener\" target=\"_blank\">Ukraina<\/a>, uppger k\u00e4llor f\u00f6r tidningen.<\/p>\n<p>\u201d\u00c4rlig och anst\u00e4ndig\u201d<\/p>\n<p>Nu ber\u00e4ttar Jermak f\u00f6r New York Post vad hans n\u00e4sta steg \u00e4r. I ett meddelande till tidningen skriver han att han \u00e4r en \u201d\u00e4rlig och anst\u00e4ndig person\u201d.<\/p>\n<p>\u201dJag \u00e5ker till fronten och \u00e4r beredd p\u00e5 alla repressalier\u201d, skriver Jermak utan att precisera vilken roll han kommer ta i striderna mot Ryssland.<\/p>\n<p>\u201dJag har blivit vanhelgad, och min v\u00e4rdighet har inte skyddats, trots att jag har varit i Kiev sedan den 24 februari 2022. D\u00e4rf\u00f6r vill jag inte skapa problem f\u00f6r Zelenskyj\u201d, skriver Jermak, till tidningen.<\/p>\n<p>Det var tidigare i november som korruptionsskandalen kring det statliga energibolaget Energoatom blev k\u00e4nd. Miljarder har f\u00f6rskingrats och en n\u00e4ra v\u00e4n och aff\u00e4rspartner till Zelenskyj har pekats ut som huvudmannen samtidigt som tv\u00e5 ministrar tvingats avg\u00e5.<\/p>\n<p><strong>L\u00c4S MER: <\/strong><a href=\"https:\/\/www.expressen.se\/nyheter\/varlden\/zelenskyjs-hogra--hand-avgar-efter-korruptionsrad\/\" class=\"\" rel=\"nofollow noopener\" target=\"_blank\">Zelenskyjs h\u00f6gra  hand avg\u00e5r efterkorruptionsr\u00e4d<\/a><strong>L\u00c4S MER: <\/strong><a href=\"https:\/\/www.expressen.se\/nyheter\/varlden\/zelenskyjs-kamp-for-overlevnad-nar-trump-pressar-pa\/\" class=\"\" rel=\"nofollow noopener\" target=\"_blank\">Zelenskyjs n\u00e4rmaste man pekas ut som \u201dAli Baba\u201d<\/a><\/p>\n","protected":false},"excerpt":{"rendered":"Zelenskyjs m\u00e4ktige stabschef har avg\u00e5tt efter att ha pekats ut i den massiva korruptionsh\u00e4rvan Nu \u00e4r Andrij Jermak&hellip;\n","protected":false},"author":2,"featured_media":93106,"comment_status":"","ping_status":"","sticky":false,"template":"","format":"standard","meta":{"footnotes":""},"categories":[5],"tags":[22,23,26,27,17,21,24,25,202,28,29,15,276,16,906,18,34,55,31,33,32,30,19,60,20],"class_list":{"0":"post-93105","1":"post","2":"type-post","3":"status-publish","4":"format-standard","5":"has-post-thumbnail","7":"category-rubriker","8":"tag-breaking-news","9":"tag-breakingnews","10":"tag-featured-news","11":"tag-featurednews","12":"tag-headlines","13":"tag-huvudnyheter","14":"tag-latest-news","15":"tag-latestnews","16":"tag-location-ukraina","17":"tag-main-news","18":"tag-mainnews","19":"tag-news","20":"tag-newsstory-kriget-i-ukraina","21":"tag-nyheter","22":"tag-person-volodymyr-zelenskyj","23":"tag-rubriker","24":"tag-se","25":"tag-sections-varlden","26":"tag-svenska","27":"tag-sverige","28":"tag-sweden","29":"tag-swedish","30":"tag-top-stories","31":"tag-topic-krig-konflikt","32":"tag-topstories"},"share_on_mastodon":{"url":"https:\/\/pubeurope.com\/@se\/115634881389847471","error":""},"_links":{"self":[{"href":"https:\/\/www.europesays.com\/se\/wp-json\/wp\/v2\/posts\/93105","targetHints":{"allow":["GET"]}}],"collection":[{"href":"https:\/\/www.europesays.com\/se\/wp-json\/wp\/v2\/posts"}],"about":[{"href":"https:\/\/www.europesays.com\/se\/wp-json\/wp\/v2\/types\/post"}],"author":[{"embeddable":true,"href":"https:\/\/www.europesays.com\/se\/wp-json\/wp\/v2\/users\/2"}],"replies":[{"embeddable":true,"href":"https:\/\/www.europesays.com\/se\/wp-json\/wp\/v2\/comments?post=93105"}],"version-history":[{"count":0,"href":"https:\/\/www.europesays.com\/se\/wp-json\/wp\/v2\/posts\/93105\/revisions"}],"wp:featuredmedia":[{"embeddable":true,"href":"https:\/\/www.europesays.com\/se\/wp-json\/wp\/v2\/media\/93106"}],"wp:attachment":[{"href":"https:\/\/www.europesays.com\/se\/wp-json\/wp\/v2\/media?parent=93105"}],"wp:term":[{"taxonomy":"category","embeddable":true,"href":"https:\/\/www.europesays.com\/se\/wp-json\/wp\/v2\/categories?post=93105"},{"taxonomy":"post_tag","embeddable":true,"href":"https:\/\/www.europesays.com\/se\/wp-json\/wp\/v2\/tags?post=93105"}],"curies":[{"name":"wp","href":"https:\/\/api.w.org\/{rel}","templated":true}]}}