{"id":93117,"date":"2025-11-29T20:53:13","date_gmt":"2025-11-29T20:53:13","guid":{"rendered":"https:\/\/www.europesays.com\/se\/93117\/"},"modified":"2025-11-29T20:53:13","modified_gmt":"2025-11-29T20:53:13","slug":"grodman-avslojade-smugglade-hundratals-kilo-knark","status":"publish","type":"post","link":"https:\/\/www.europesays.com\/se\/93117\/","title":{"rendered":"Grodm\u00e4n avsl\u00f6jade \u2013 smugglade hundratals kilo knark"},"content":{"rendered":"<p><a data-test-tag=\"internal-link\" href=\"https:\/\/www.aftonbladet.se\/av\/felix-wilow\" class=\"hyperion-css-13ns1rr\" rel=\"nofollow noopener\" target=\"\" aria-label=\"Se alla artiklar av Felix Wilow\"><img decoding=\"async\" class=\"image-asset hyperion-css-n6kkq1\" data-test-tag=\"image-asset\" src=\"https:\/\/www.europesays.com\/se\/wp-content\/uploads\/2025\/11\/1764449590_492_05c04d15-efb0-4d10-a1fe-6c828d09291f\"  alt=\"\"  loading=\"lazy\" fetchpriority=\"auto\" style=\"aspect-ratio:1900 \/ 1900\"\/><\/a>share-arrowDela<\/p>\n<p>unsaveSpara<\/p>\n<p>expand-left<\/p>\n<p>helsk\u00e4rm<img decoding=\"async\" class=\"image-asset hyperion-css-u06ts1\" data-test-tag=\"image-asset\" src=\"https:\/\/www.europesays.com\/se\/wp-content\/uploads\/2025\/11\/8df5a43d-3283-4543-8c9f-72e49d125a4b\"  alt=\"Vid ett tillslag i somras hittades kokain v\u00e4rt 160 miljoner i tv\u00e5 fordon.\"  loading=\"eager\" fetchpriority=\"high\" style=\"aspect-ratio:1900 \/ 1374\"\/>Vid ett tillslag i somras hittades kokain v\u00e4rt 160 miljoner i tv\u00e5 fordon. Foto: Tullverket <\/p>\n<p class=\"hyperion-css-1shl3oz\" data-test-tag=\"lead-text\">En tyskregistrerad husbil v\u00e4ckte tullinspekt\u00f6rernas uppm\u00e4rksamhet.<\/p>\n<p class=\"hyperion-css-1shl3oz\" data-test-tag=\"lead-text\">Senare hittades 170 kilo kokain.<\/p>\n<p class=\"hyperion-css-1shl3oz\" data-test-tag=\"lead-text\">Tillslaget gjordes efter att Tullverket avsl\u00f6jat ett avancerat s\u00e4tt att transportera drogerna in i Sverige.<\/p>\n<p class=\"hyperion-css-1v9qo5x\">Ett omfattande tillslag genomf\u00f6rdes mot tv\u00e5 misst\u00e4nkta fordon i Ljungskile i somras. D\u00e4r fanns kokain till ett uppskattat v\u00e4rde p\u00e5 160 miljoner kronor.<\/p>\n<p class=\"hyperion-css-1v9qo5x\">Totalt 240 kilo tros ha smugglats in av \u201dgrodm\u00e4n\u201d som med hj\u00e4lp av undervattensskotrar kunde plocka upp knarket som f\u00e4sts p\u00e5 fartyg, skriver <a data-test-tag=\"internal-link\" href=\"https:\/\/www.aftonbladet.se\/tagg\/tullverket\" class=\"hyperion-css-15jkft9\" rel=\"nofollow noopener\" target=\"\" aria-label=\"Tullverket\">Tullverket<\/a> i ett pressmeddelande.<\/p>\n<p class=\"hyperion-css-1v9qo5x\">\u2013 Det \u00e4r ett v\u00e4lk\u00e4nt tillv\u00e4gag\u00e5ngss\u00e4tt att smugglare anv\u00e4nder sig av just dykare f\u00f6r att plocka upp narkotika som placerats p\u00e5 fartygsskrov under vattenytan, s\u00e4ger Richard Johansson, som \u00e4r gruppchef p\u00e5 myndighetens kriminalavdelning V\u00e4st.<\/p>\n<p>expand-left<\/p>\n<p>helsk\u00e4rm<img decoding=\"async\" class=\"image-asset hyperion-css-u06ts1\" data-test-tag=\"image-asset\" src=\"https:\/\/www.europesays.com\/se\/wp-content\/uploads\/2025\/11\/f640fabc-843c-4689-b974-56bff40f4056\"  alt=\"Richard Johansson. \"  loading=\"eager\" fetchpriority=\"high\" style=\"aspect-ratio:1900 \/ 1267\"\/>Richard Johansson. Foto: Tullverket <\/p>\n<p>expand-left<\/p>\n<p>helsk\u00e4rm<img decoding=\"async\" class=\"image-asset hyperion-css-u06ts1\" data-test-tag=\"image-asset\" src=\"https:\/\/www.europesays.com\/se\/wp-content\/uploads\/2025\/11\/9c47fab4-0ebc-4bc7-ac03-942d5b649298\"  alt=\"En av undervattensskotrarna som misst\u00e4nks ha anv\u00e4nts under smuggelkuppen. \"  loading=\"eager\" fetchpriority=\"high\" style=\"aspect-ratio:1273 \/ 695\"\/>En av undervattensskotrarna som misst\u00e4nks ha anv\u00e4nts under smuggelkuppen. Foto: Tullverket \u201dAllt mer uppenbart\u201d<\/p>\n<p class=\"hyperion-css-1v9qo5x\">Metoden beskrivs som avancerad och tre m\u00e4n som misst\u00e4nks ligga bakom kuppen \u00e5talades tidigare i veckan. <\/p>\n<p class=\"hyperion-css-1v9qo5x\">Tv\u00e5 av dem v\u00e4ckte misstankar n\u00e4r de f\u00f6rde in tv\u00e5 undervattensskotrar i en tyskregistrerad husbil. En spaningsinsats inleddes och tullkriminalen f\u00f6ljde m\u00e4nnen, som \u00e4r albanska medborgare, till Stockholm \u2013 trots att de tidigare uppgett att de skulle semestra i Norge.<\/p>\n<p class=\"hyperion-css-1v9qo5x\">N\u00e5gra dagar senare \u00e5kte de vidare mot en ort utanf\u00f6r Trollh\u00e4ttan i en Mercedes de l\u00e5nat av den tredje mannen.<\/p>\n<p class=\"hyperion-css-1v9qo5x\">\u2013 Det blir allt mer uppenbart f\u00f6r oss att m\u00e4nnen \u00e4gnar sig \u00e5t n\u00e5got brottsligt i n\u00e4romr\u00e5det och att det \u00e4r en v\u00e4lorganiserad verksamhet, s\u00e4ger Richard Johansson.<\/p>\n<p class=\"hyperion-css-1v9qo5x\">Sju flyttl\u00e5dor med 140 kilo knark hade flyttats fr\u00e5n den l\u00e5nade Mercedesen till en rum\u00e4nskregistrerad sk\u00e5pbil. Ytterligare 30 kilo hittades i husbilen.<\/p>\n<p>expand-left<\/p>\n<p>helsk\u00e4rm<img decoding=\"async\" class=\"image-asset hyperion-css-u06ts1\" data-test-tag=\"image-asset\" src=\"https:\/\/www.europesays.com\/se\/wp-content\/uploads\/2025\/11\/9acabb04-4305-4235-a988-33e19aeb3564\"  alt=\"Sk\u00e5pbilen och husbilen som tullen gjorde tillslag mot.\"  loading=\"eager\" fetchpriority=\"high\" style=\"aspect-ratio:1298 \/ 903\"\/>Sk\u00e5pbilen och husbilen som tullen gjorde tillslag mot. Foto: Tullverket<\/p>\n<p>expand-left<\/p>\n<p>helsk\u00e4rm<img decoding=\"async\" class=\"image-asset hyperion-css-u06ts1\" data-test-tag=\"image-asset\" src=\"https:\/\/www.europesays.com\/se\/wp-content\/uploads\/2025\/11\/959b7af4-9897-4904-8d6b-458720978f9f\"  alt=\"L\u00e4ngst in i sk\u00e5pbilen fanns flyttl\u00e5dor med sammanlagt 140 kilo kokain.\"  loading=\"eager\" fetchpriority=\"high\" style=\"aspect-ratio:1269 \/ 1157\"\/>L\u00e4ngst in i sk\u00e5pbilen fanns flyttl\u00e5dor med sammanlagt 140 kilo kokain. Foto: Tullverket Gjorde sig av med 70 kilo<\/p>\n<p class=\"hyperion-css-1v9qo5x\">Enligt st\u00e4mningsans\u00f6kan misst\u00e4nks de tre ha hanterat sammanlagt cirka 240 kilo kokain som ska ha h\u00e4mtats fr\u00e5n ett fartyg i Uddevalla hamn. Mannen med Mercedes har enligt st\u00e4mningsans\u00f6kan gjort sig av med b\u00e5de undervattensskotrarna och 70 kilo kokain.<\/p>\n<p class=\"hyperion-css-1v9qo5x\">De tv\u00e5 albanska m\u00e4nnen har varit uppkopplade vid Uddevalla hamn knappt en vecka innan tillslaget.<\/p>\n<p class=\"hyperion-css-1v9qo5x\">\u2013 De \u00e4r d\u00e4r under drygt fyra timmar och d\u00e5 har narkotikan f\u00f6rmodligen h\u00e4mtats upp fr\u00e5n fartygets skrov med hj\u00e4lp av dykare. Tyv\u00e4rr har vi inte lyckats identifiera dessa personer, s\u00e4ger Richard Johansson.<\/p>\n<p class=\"hyperion-css-1v9qo5x\">De tv\u00e5 albanska m\u00e4nnen misst\u00e4nks f\u00f6r synnerligen grov narkotikasmuggling och synnerligen grovt narkotikabrott. Den rum\u00e4nske lastbilsf\u00f6raren \u00e5talas misst\u00e4nkt f\u00f6r synnerligen grovt narkotikabrott.<\/p>\n<p>expand-left<\/p>\n<p>helsk\u00e4rm<img decoding=\"async\" class=\"image-asset hyperion-css-u06ts1\" data-test-tag=\"image-asset\" src=\"https:\/\/www.europesays.com\/se\/wp-content\/uploads\/2025\/11\/2398890f-c36b-4a73-982f-6eab9a1381db\"  alt=\"Knarket ska ha h\u00e4mtats fr\u00e5n ett fartyg i Uddevalla hamn. \"  loading=\"eager\" fetchpriority=\"high\" style=\"aspect-ratio:1000 \/ 583\"\/>Knarket ska ha h\u00e4mtats fr\u00e5n ett fartyg i Uddevalla hamn. Foto: Uddevalla Hamnterminal <\/p>\n","protected":false},"excerpt":{"rendered":"share-arrowDela unsaveSpara expand-left helsk\u00e4rmVid ett tillslag i somras hittades kokain v\u00e4rt 160 miljoner i tv\u00e5 fordon. Foto: Tullverket&hellip;\n","protected":false},"author":2,"featured_media":93118,"comment_status":"","ping_status":"","sticky":false,"template":"","format":"standard","meta":{"footnotes":""},"categories":[12],"tags":[22,23,26,27,17,21,24,25,28,29,15,16,18,34,31,33,32,30,19,20],"class_list":{"0":"post-93117","1":"post","2":"type-post","3":"status-publish","4":"format-standard","5":"has-post-thumbnail","7":"category-sverige","8":"tag-breaking-news","9":"tag-breakingnews","10":"tag-featured-news","11":"tag-featurednews","12":"tag-headlines","13":"tag-huvudnyheter","14":"tag-latest-news","15":"tag-latestnews","16":"tag-main-news","17":"tag-mainnews","18":"tag-news","19":"tag-nyheter","20":"tag-rubriker","21":"tag-se","22":"tag-svenska","23":"tag-sverige","24":"tag-sweden","25":"tag-swedish","26":"tag-top-stories","27":"tag-topstories"},"share_on_mastodon":{"url":"https:\/\/pubeurope.com\/@se\/115634976289639376","error":""},"_links":{"self":[{"href":"https:\/\/www.europesays.com\/se\/wp-json\/wp\/v2\/posts\/93117","targetHints":{"allow":["GET"]}}],"collection":[{"href":"https:\/\/www.europesays.com\/se\/wp-json\/wp\/v2\/posts"}],"about":[{"href":"https:\/\/www.europesays.com\/se\/wp-json\/wp\/v2\/types\/post"}],"author":[{"embeddable":true,"href":"https:\/\/www.europesays.com\/se\/wp-json\/wp\/v2\/users\/2"}],"replies":[{"embeddable":true,"href":"https:\/\/www.europesays.com\/se\/wp-json\/wp\/v2\/comments?post=93117"}],"version-history":[{"count":0,"href":"https:\/\/www.europesays.com\/se\/wp-json\/wp\/v2\/posts\/93117\/revisions"}],"wp:featuredmedia":[{"embeddable":true,"href":"https:\/\/www.europesays.com\/se\/wp-json\/wp\/v2\/media\/93118"}],"wp:attachment":[{"href":"https:\/\/www.europesays.com\/se\/wp-json\/wp\/v2\/media?parent=93117"}],"wp:term":[{"taxonomy":"category","embeddable":true,"href":"https:\/\/www.europesays.com\/se\/wp-json\/wp\/v2\/categories?post=93117"},{"taxonomy":"post_tag","embeddable":true,"href":"https:\/\/www.europesays.com\/se\/wp-json\/wp\/v2\/tags?post=93117"}],"curies":[{"name":"wp","href":"https:\/\/api.w.org\/{rel}","templated":true}]}}