{"id":93119,"date":"2025-11-29T20:54:13","date_gmt":"2025-11-29T20:54:13","guid":{"rendered":"https:\/\/www.europesays.com\/se\/93119\/"},"modified":"2025-11-29T20:54:13","modified_gmt":"2025-11-29T20:54:13","slug":"17-aring-atalas-for-mordet-pa-rio-berg-aygun-i-fruangen","status":"publish","type":"post","link":"https:\/\/www.europesays.com\/se\/93119\/","title":{"rendered":"17-\u00e5ring \u00e5talas f\u00f6r mordet p\u00e5 Rio Berg Ayg\u00fcn i Fru\u00e4ngen"},"content":{"rendered":"<p><a data-test-tag=\"internal-link\" href=\"https:\/\/www.aftonbladet.se\/av\/emil-forsberg\" class=\"hyperion-css-13ns1rr\" rel=\"nofollow noopener\" target=\"\" aria-label=\"Se alla artiklar av Emil Forsberg\"><img decoding=\"async\" class=\"image-asset hyperion-css-n6kkq1\" data-test-tag=\"image-asset\" src=\"https:\/\/www.europesays.com\/se\/wp-content\/uploads\/2025\/11\/1764449651_785_602ef119-32a3-4a6a-b86e-0ebfdb56a147\"  alt=\"\"  loading=\"lazy\" fetchpriority=\"auto\" style=\"aspect-ratio:1900 \/ 1900\"\/><\/a>share-arrowDela<\/p>\n<p>unsaveSpara<\/p>\n<p class=\"hyperion-css-1shl3oz\" data-test-tag=\"lead-text\">En 17-\u00e5rig pojke \u00e5talas f\u00f6r mordet p\u00e5 16-\u00e5rige Rio i Fru\u00e4ngen.<\/p>\n<p class=\"hyperion-css-1shl3oz\" data-test-tag=\"lead-text\">Tre dagar innan d\u00e5det kontrollerades och sl\u00e4pptes pojken som hade ett utvisningsbeslut.<\/p>\n<p class=\"hyperion-css-1shl3oz\" data-test-tag=\"lead-text\">F\u00f6r h\u00e4ktespersonalen ber\u00e4ttar han att han skjutit fel person.<\/p>\n<p class=\"hyperion-css-1v9qo5x\">Rio Berg Ayg\u00fcn, 16, var p\u00e5 v\u00e4g hem fr\u00e5n gymmet n\u00e4r han sk\u00f6ts till d\u00f6ds i Fru\u00e4ngen centrum i mars i \u00e5r.<\/p>\n<p class=\"hyperion-css-1v9qo5x\">\u2013 Skotten avlossades p\u00e5 n\u00e4ra h\u00e5ll och mordet kan inte beskrivas som n\u00e5got annat \u00e4n en ren avr\u00e4ttning, har senior \u00e5klagare Ingrid Viklund<a data-test-tag=\"internal-link\" href=\"https:\/\/www.aftonbladet.se\/nyheter\/a\/JOWMd8\/fyra-atalas-efter-mord\" class=\"hyperion-css-15jkft9\" rel=\"nofollow noopener\" target=\"\" aria-label=\" sagt till Aftonbladet.\"> sagt till Aftonbladet.<\/a><\/p>\n<p class=\"hyperion-css-1v9qo5x\">En 17-\u00e5rig pojke har nu \u00e5talats misst\u00e4nkt f\u00f6r mordet.<\/p>\n<p class=\"hyperion-css-1v9qo5x\">H\u00e4ktespersonalen ber\u00e4ttar i f\u00f6rh\u00f6r att pojken isolerat sig i cellen f\u00f6r att l\u00e4sa f\u00f6runders\u00f6kningsprotokollet.<\/p>\n<p class=\"hyperion-css-1v9qo5x\">\u2013 N\u00e4r han fick l\u00e4sa fup:en fick han det bekr\u00e4ftat att det var fel person som blev skjuten.<\/p>\n<p>chevron-leftf\u00f6reg\u00e5ende<\/p>\n<ul class=\"carousel-container-viewport\" style=\"transform:translate3d(0%, 0, 0)\">\n<li class=\"carousel-slide\" style=\"z-index:1;filter:none(1);padding-bottom:74.94481%\"><img decoding=\"async\" class=\"image-asset hyperion-css-u06ts1\" data-test-tag=\"image-asset\" src=\"https:\/\/www.europesays.com\/se\/wp-content\/uploads\/2025\/11\/49f594e1-d93b-44b5-aa46-4b250eae133c\"  alt=\"\"  fetchpriority=\"auto\" style=\"aspect-ratio:906 \/ 679\"\/><\/li>\n<li class=\"carousel-slide\" style=\"filter:none(0.3);padding-bottom:74.94481%\"><img decoding=\"async\" class=\"image-asset hyperion-css-u06ts1\" data-test-tag=\"image-asset\" src=\"https:\/\/www.europesays.com\/se\/wp-content\/uploads\/2025\/11\/d903e145-e4b0-4a4a-9ead-7f4aaaa4f37d\"  alt=\"\"  fetchpriority=\"auto\" style=\"aspect-ratio:1900 \/ 1267\"\/><\/li>\n<\/ul>\n<p>expand-left<\/p>\n<p>helsk\u00e4rmchevron-rightn\u00e4staRio Berg Ayg\u00fcn.<\/p>\n<p>1 \/ 2Foto: Privat<\/p>\n<p>Skuld p\u00e5 70\u00a0000<\/p>\n<p class=\"hyperion-css-1v9qo5x\">I f\u00f6rh\u00f6r erk\u00e4nner pojken mordet och s\u00e4ger att han hade en skuld p\u00e5 70\u00a0000 kronor som han skulle f\u00e5 hj\u00e4lp att jobba av. Han erbj\u00f6ds d\u00e4rf\u00f6r ett morduppdrag.<\/p>\n<p class=\"hyperion-css-1v9qo5x\">Till h\u00e4ktespersonalen har pojken sagt att han \u00f6vervakades av uppdragsgivaren n\u00e4r han v\u00e4ntade p\u00e5 m\u00e5ltavlan i Fru\u00e4ngen. N\u00e4r fyra pojkar kom g\u00e5ende uppfattade han att det var fel personer, men att uppdragsgivaren skrek \u00e5t honom att skjuta.<\/p>\n<p class=\"hyperion-css-1v9qo5x\">\u201dS\u00e5 han b\u00f6rjade forts\u00e4tta skrika och s\u00e5. Och sen jag bara, okej, bror, jag kommer inte ta alla fyra. Jag kommer bara ta den d\u00e4r grabben. Den som ser ut som grabben. F\u00f6rst\u00e5r du? F\u00f6r jag sa till honom att det var&#8230; De var barn, f\u00f6rst\u00e5r du? Det fanns barn och sen d\u00e5, det var liksom&#8230; De ser ut som tretton. Tolv\u00e5ringar\u201d.<\/p>\n<p>expand-left<\/p>\n<p>helsk\u00e4rm<img decoding=\"async\" class=\"image-asset hyperion-css-u06ts1\" data-test-tag=\"image-asset\" src=\"https:\/\/www.europesays.com\/se\/wp-content\/uploads\/2025\/11\/b6b94bf1-5e84-44eb-ac55-9701feea6e22\"  alt=\"Enligt h\u00e4ktespersonalen har pojken sagt att han vid n\u00e5got tillf\u00e4lle pratat med Rawa Majid p\u00e5 telefon.\"  loading=\"eager\" fetchpriority=\"high\" style=\"aspect-ratio:545 \/ 727\"\/>Enligt h\u00e4ktespersonalen har pojken sagt att han vid n\u00e5got tillf\u00e4lle pratat med Rawa Majid p\u00e5 telefon. Foto: Polisen \/ TT Nyhetsbyr\u00e5nPratat med Rawa Majid<\/p>\n<p class=\"hyperion-css-1v9qo5x\">Pojken beskriver sedan hur han \u201dapatisk\u201d gick fr\u00e5n brottsplatsen i st\u00e4llet f\u00f6r att springa. Kort senare greps han.<\/p>\n<p class=\"hyperion-css-1v9qo5x\">Tre dagar innan d\u00e5det kontrollerades pojken av en polispatrull som k\u00e4nt igen honom. Han var d\u00e5 efterlyst efter att ha f\u00e5tt ett utvisningsbeslut. Gr\u00e4nspolisen beslutade dock att sl\u00e4ppa pojken i st\u00e4llet f\u00f6r att s\u00e4tta honom i f\u00f6rvar.<\/p>\n<p class=\"hyperion-css-1v9qo5x\">Det \u00e4r \u00e4nnu inte bekr\u00e4ftat vem som ligger bakom uppdraget, men enligt h\u00e4ktespersonalen har pojken sagt att han vid n\u00e5got tillf\u00e4lle pratat med Rawa Majid p\u00e5 telefon.<\/p>\n<p class=\"hyperion-css-1v9qo5x\">Pojken, som var 16 \u00e5r vid tillf\u00e4llet, \u00e5talas nu f\u00f6r mord och mordf\u00f6rs\u00f6k. Ytterligare tre personer \u00e5talas f\u00f6r grovt skyddande av brottsling.<\/p>\n<p class=\"hyperion-css-1v9qo5x\">\u2013 Bevisl\u00e4get \u00e4r ovanligt gott, inte minst eftersom h\u00e4ndelsen f\u00e5ngats p\u00e5 polisens \u00f6vervakningskameror och ingripande polis snabbt lyckades lokalisera och gripa skytten, har \u00e5klagare Ingrid Viklund sagt till Aftonbladet.<\/p>\n<p>expand-left<\/p>\n<p>helsk\u00e4rm<img decoding=\"async\" class=\"image-asset hyperion-css-u06ts1\" data-test-tag=\"image-asset\" src=\"https:\/\/www.europesays.com\/se\/wp-content\/uploads\/2025\/11\/95d9e352-6461-4447-86f5-ce0c7df0afc7\"  alt=\"En 17-\u00e5rig pojke har nu \u00e5talats misst\u00e4nkt f\u00f6r mordet.\"  loading=\"eager\" fetchpriority=\"high\" style=\"aspect-ratio:1900 \/ 1267\"\/>En 17-\u00e5rig pojke har nu \u00e5talats misst\u00e4nkt f\u00f6r mordet. Foto: Magnus Sandberg \/ Magnus Sandberg<\/p>\n","protected":false},"excerpt":{"rendered":"share-arrowDela unsaveSpara En 17-\u00e5rig pojke \u00e5talas f\u00f6r mordet p\u00e5 16-\u00e5rige Rio i Fru\u00e4ngen. Tre dagar innan d\u00e5det kontrollerades&hellip;\n","protected":false},"author":2,"featured_media":93120,"comment_status":"","ping_status":"","sticky":false,"template":"","format":"standard","meta":{"footnotes":""},"categories":[5],"tags":[22,23,26,27,17,21,24,25,28,29,15,16,18,34,31,33,32,30,19,20],"class_list":{"0":"post-93119","1":"post","2":"type-post","3":"status-publish","4":"format-standard","5":"has-post-thumbnail","7":"category-rubriker","8":"tag-breaking-news","9":"tag-breakingnews","10":"tag-featured-news","11":"tag-featurednews","12":"tag-headlines","13":"tag-huvudnyheter","14":"tag-latest-news","15":"tag-latestnews","16":"tag-main-news","17":"tag-mainnews","18":"tag-news","19":"tag-nyheter","20":"tag-rubriker","21":"tag-se","22":"tag-svenska","23":"tag-sverige","24":"tag-sweden","25":"tag-swedish","26":"tag-top-stories","27":"tag-topstories"},"share_on_mastodon":{"url":"https:\/\/pubeurope.com\/@se\/115634979818601630","error":""},"_links":{"self":[{"href":"https:\/\/www.europesays.com\/se\/wp-json\/wp\/v2\/posts\/93119","targetHints":{"allow":["GET"]}}],"collection":[{"href":"https:\/\/www.europesays.com\/se\/wp-json\/wp\/v2\/posts"}],"about":[{"href":"https:\/\/www.europesays.com\/se\/wp-json\/wp\/v2\/types\/post"}],"author":[{"embeddable":true,"href":"https:\/\/www.europesays.com\/se\/wp-json\/wp\/v2\/users\/2"}],"replies":[{"embeddable":true,"href":"https:\/\/www.europesays.com\/se\/wp-json\/wp\/v2\/comments?post=93119"}],"version-history":[{"count":0,"href":"https:\/\/www.europesays.com\/se\/wp-json\/wp\/v2\/posts\/93119\/revisions"}],"wp:featuredmedia":[{"embeddable":true,"href":"https:\/\/www.europesays.com\/se\/wp-json\/wp\/v2\/media\/93120"}],"wp:attachment":[{"href":"https:\/\/www.europesays.com\/se\/wp-json\/wp\/v2\/media?parent=93119"}],"wp:term":[{"taxonomy":"category","embeddable":true,"href":"https:\/\/www.europesays.com\/se\/wp-json\/wp\/v2\/categories?post=93119"},{"taxonomy":"post_tag","embeddable":true,"href":"https:\/\/www.europesays.com\/se\/wp-json\/wp\/v2\/tags?post=93119"}],"curies":[{"name":"wp","href":"https:\/\/api.w.org\/{rel}","templated":true}]}}