{"id":93122,"date":"2025-11-29T21:02:19","date_gmt":"2025-11-29T21:02:19","guid":{"rendered":"https:\/\/www.europesays.com\/se\/93122\/"},"modified":"2025-11-29T21:02:19","modified_gmt":"2025-11-29T21:02:19","slug":"camber-sand-darfor-fororenades-stranden-med-bio-beads","status":"publish","type":"post","link":"https:\/\/www.europesays.com\/se\/93122\/","title":{"rendered":"Camber sand \u2013 d\u00e4rf\u00f6r f\u00f6rorenades stranden med bio-beads"},"content":{"rendered":"<p>SvD rapporterade f\u00f6r n\u00e5gra veckor sedan om hur den popul\u00e4ra <a href=\"https:\/\/www.svd.se\/a\/jQVrEb\" rel=\"nofollow noopener\" target=\"_blank\">sandstranden Camber Sands<\/a> i s\u00f6dra England f\u00f6rorenats n\u00e4r miljontals plastkulor spolats upp p\u00e5 stranden.<\/p>\n<p>Nu har det kartlagts vad som egentligen h\u00e4nde. Det privata vattenbolaget Southern Water har tagit p\u00e5 sig ansvaret f\u00f6r vad som beskrivs som en av Storbritanniens v\u00e4rsta milj\u00f6katastrofer p\u00e5 senare \u00e5r. Ett mekaniskt fel i ett av deras reningsverk ledde till att miljontals s\u00e5 kallade bio-beads spolades ut i Engelska kanalen. D\u00e4rifr\u00e5n spreds de l\u00e4ngs kusten och p\u00e5 senare tid har kulor \u00e4ven hittats i kustomr\u00e5den b\u00e5de i Frankrike och Belgien.<\/p>\n","protected":false},"excerpt":{"rendered":"SvD rapporterade f\u00f6r n\u00e5gra veckor sedan om hur den popul\u00e4ra sandstranden Camber Sands i s\u00f6dra England f\u00f6rorenats n\u00e4r&hellip;\n","protected":false},"author":2,"featured_media":93123,"comment_status":"","ping_status":"","sticky":false,"template":"","format":"standard","meta":{"footnotes":""},"categories":[5],"tags":[22,23,26,27,17,21,24,25,28,29,15,16,18,34,31,33,32,30,19,20],"class_list":{"0":"post-93122","1":"post","2":"type-post","3":"status-publish","4":"format-standard","5":"has-post-thumbnail","7":"category-rubriker","8":"tag-breaking-news","9":"tag-breakingnews","10":"tag-featured-news","11":"tag-featurednews","12":"tag-headlines","13":"tag-huvudnyheter","14":"tag-latest-news","15":"tag-latestnews","16":"tag-main-news","17":"tag-mainnews","18":"tag-news","19":"tag-nyheter","20":"tag-rubriker","21":"tag-se","22":"tag-svenska","23":"tag-sverige","24":"tag-sweden","25":"tag-swedish","26":"tag-top-stories","27":"tag-topstories"},"share_on_mastodon":{"url":"https:\/\/pubeurope.com\/@se\/115635011036161183","error":""},"_links":{"self":[{"href":"https:\/\/www.europesays.com\/se\/wp-json\/wp\/v2\/posts\/93122","targetHints":{"allow":["GET"]}}],"collection":[{"href":"https:\/\/www.europesays.com\/se\/wp-json\/wp\/v2\/posts"}],"about":[{"href":"https:\/\/www.europesays.com\/se\/wp-json\/wp\/v2\/types\/post"}],"author":[{"embeddable":true,"href":"https:\/\/www.europesays.com\/se\/wp-json\/wp\/v2\/users\/2"}],"replies":[{"embeddable":true,"href":"https:\/\/www.europesays.com\/se\/wp-json\/wp\/v2\/comments?post=93122"}],"version-history":[{"count":0,"href":"https:\/\/www.europesays.com\/se\/wp-json\/wp\/v2\/posts\/93122\/revisions"}],"wp:featuredmedia":[{"embeddable":true,"href":"https:\/\/www.europesays.com\/se\/wp-json\/wp\/v2\/media\/93123"}],"wp:attachment":[{"href":"https:\/\/www.europesays.com\/se\/wp-json\/wp\/v2\/media?parent=93122"}],"wp:term":[{"taxonomy":"category","embeddable":true,"href":"https:\/\/www.europesays.com\/se\/wp-json\/wp\/v2\/categories?post=93122"},{"taxonomy":"post_tag","embeddable":true,"href":"https:\/\/www.europesays.com\/se\/wp-json\/wp\/v2\/tags?post=93122"}],"curies":[{"name":"wp","href":"https:\/\/api.w.org\/{rel}","templated":true}]}}