{"id":93150,"date":"2025-11-29T21:45:15","date_gmt":"2025-11-29T21:45:15","guid":{"rendered":"https:\/\/www.europesays.com\/se\/93150\/"},"modified":"2025-11-29T21:45:15","modified_gmt":"2025-11-29T21:45:15","slug":"kritiken-vardelost-jag-ska-inte-spela-dar","status":"publish","type":"post","link":"https:\/\/www.europesays.com\/se\/93150\/","title":{"rendered":"Kritiken: \u201dV\u00e4rdel\u00f6st \u2013 jag ska inte spela d\u00e4r\u201d"},"content":{"rendered":"<p>M\u00e5ns Carlsson var djupt besviken efter Modos 0\u20132-f\u00f6rlust hemma mot Bj\u00f6rkl\u00f6ven.\u00a0<\/p>\n<p>Bland annat \u00f6ver lagets powerplay \u2013 d\u00e4r han vill peta sig sj\u00e4lv.\u00a0<\/p>\n<p>\u2013 Man ritar en grej och s\u00e5 g\u00f6r m\u00e5nga det andra, s\u00e4ger Carlsson i TV4.<\/p>\n<p class=\"\">Bland annat s\u00e5gade M\u00e5ns Carlsson beslutet att placera honom centralt i PP-uppst\u00e4llningen.\u00a0<\/p>\n<p class=\"\">\u2013 Jag tycker det \u00e4r helt v\u00e4rdel\u00f6st att ha mig i mitten, jag ska inte spela d\u00e4r. M\u00e5nga i laget g\u00f6r det b\u00e4ttre \u00e4n mig. Man ska inte spela PP bara f\u00f6r att spela PP. Ibland kanske man kan s\u00e4tta andra som g\u00f6r det b\u00e4ttre i de positionerna p\u00e5 andra platser, s\u00e4ger han.\u00a0<\/p>\n<p class=\"\">Han s\u00e5gade \u00e4ven lagets uppspel d\u00e4r man hade sv\u00e5rt att f\u00e5 ig\u00e5ng PP-anfallet.\u00a0<\/p>\n<p class=\"\">\u2013 Det \u00e4r f\u00f6r hackigt i allting.<\/p>\n<p class=\"\">Han fick fler fr\u00e5gor om att hans PP-uppst\u00e4llning st\u00e5r uppst\u00e4lld med klubborna felv\u00e4nda, vilket g\u00f6r att man inte kan lika l\u00e4tt skjuta direktskott.\u00a0<\/p>\n<p class=\"\">\u2013 Vi pratar mycket, men l\u00e4gger mycket energi p\u00e5 f\u00f6rsta, vi f\u00f6rs\u00f6ker skapa snabba chanser, g\u00f6ra det s\u00e5 enkelt som m\u00f6jligt. Snabbt avslut, h\u00e5lla det enkelt, s\u00e4ger han.<\/p>\n<p class=\"\">\u2013 Det \u00e4r fruktansv\u00e4rt mycket upp och ner, mest ner. Det \u00e4r ett stort problem.\u00a0<\/p>\n<p>Kommentarer TopprankadeSenaste\u00c4ldstaTrendar<\/p>\n<p>Skaffa PLUS f\u00f6r att kommentera<\/p>\n<p>Med en aktiv PLUS-prenumeration kan du kommentera, svara p\u00e5 andra och gilla kommentarer.<\/p>\n<p><a class=\"btn-primary btn-small\" href=\"https:\/\/hockeynews.se\/plus\" rel=\"nofollow noopener\" target=\"_blank\">Skaffa PLUS<\/a><\/p>\n<p>Anv\u00e4nd koden NORR50 \u2013 f\u00e5 \u00e5rskortet f\u00f6r halva priset 349kr (ord pris 699kr). Fyll i NORR50 i sista steget. <a class=\"text-yellow underline font-bold\" href=\"https:\/\/hockeynews.se\/plus\" rel=\"nofollow noopener\" target=\"_blank\">Skaffa PLUS<\/a><\/p>\n<p>Halva priset p\u00e5 TV4 Play Sport Hockey \u2013 <a class=\"text-yellow underline\" href=\"https:\/\/www.tv4play.se\/kampanj\/hockeynewshockey\" rel=\"nofollow noopener\" target=\"_blank\">f\u00e5 kod med Hockeynews h\u00e4r!<\/a> (Annons)<\/p>\n<p><a class=\"text-yellow underline font-bold\" href=\"https:\/\/hockeynews.se\/app\" rel=\"nofollow noopener\" target=\"_blank\">H\u00e4mta Hockeynews app f\u00f6r iOS och Android<\/a> &#8211; gratis: nyheter, sp\u00e4nnande silly, unik inside, exklusiva intervjuer och matchrapporter fr\u00e5n alla ligor<\/p>\n","protected":false},"excerpt":{"rendered":"M\u00e5ns Carlsson var djupt besviken efter Modos 0\u20132-f\u00f6rlust hemma mot Bj\u00f6rkl\u00f6ven.\u00a0 Bland annat \u00f6ver lagets powerplay \u2013 d\u00e4r&hellip;\n","protected":false},"author":2,"featured_media":93151,"comment_status":"","ping_status":"","sticky":false,"template":"","format":"standard","meta":{"footnotes":""},"categories":[68],"tags":[34,111,110,31,33,32,30],"class_list":{"0":"post-93150","1":"post","2":"type-post","3":"status-publish","4":"format-standard","5":"has-post-thumbnail","7":"category-sport","8":"tag-se","9":"tag-sport","10":"tag-sports","11":"tag-svenska","12":"tag-sverige","13":"tag-sweden","14":"tag-swedish"},"share_on_mastodon":{"url":"https:\/\/pubeurope.com\/@se\/115635180238282166","error":""},"_links":{"self":[{"href":"https:\/\/www.europesays.com\/se\/wp-json\/wp\/v2\/posts\/93150","targetHints":{"allow":["GET"]}}],"collection":[{"href":"https:\/\/www.europesays.com\/se\/wp-json\/wp\/v2\/posts"}],"about":[{"href":"https:\/\/www.europesays.com\/se\/wp-json\/wp\/v2\/types\/post"}],"author":[{"embeddable":true,"href":"https:\/\/www.europesays.com\/se\/wp-json\/wp\/v2\/users\/2"}],"replies":[{"embeddable":true,"href":"https:\/\/www.europesays.com\/se\/wp-json\/wp\/v2\/comments?post=93150"}],"version-history":[{"count":0,"href":"https:\/\/www.europesays.com\/se\/wp-json\/wp\/v2\/posts\/93150\/revisions"}],"wp:featuredmedia":[{"embeddable":true,"href":"https:\/\/www.europesays.com\/se\/wp-json\/wp\/v2\/media\/93151"}],"wp:attachment":[{"href":"https:\/\/www.europesays.com\/se\/wp-json\/wp\/v2\/media?parent=93150"}],"wp:term":[{"taxonomy":"category","embeddable":true,"href":"https:\/\/www.europesays.com\/se\/wp-json\/wp\/v2\/categories?post=93150"},{"taxonomy":"post_tag","embeddable":true,"href":"https:\/\/www.europesays.com\/se\/wp-json\/wp\/v2\/tags?post=93150"}],"curies":[{"name":"wp","href":"https:\/\/api.w.org\/{rel}","templated":true}]}}