{"id":93159,"date":"2025-11-29T22:15:25","date_gmt":"2025-11-29T22:15:25","guid":{"rendered":"https:\/\/www.europesays.com\/se\/93159\/"},"modified":"2025-11-29T22:15:25","modified_gmt":"2025-11-29T22:15:25","slug":"usa-och-ryssland-i-hemliga-samtal-om-projekt-i-arktis-och-marsuppdrag","status":"publish","type":"post","link":"https:\/\/www.europesays.com\/se\/93159\/","title":{"rendered":"USA och Ryssland i hemliga samtal om projekt i Arktis och Marsuppdrag"},"content":{"rendered":"<p>USA och Ryssland har l\u00e5ngtg\u00e5ende planer p\u00e5 ekonomiskt samarbete n\u00e4r kriget med Ukraina \u00e4r \u00f6ver, rapporterar Wall Street Journal. <\/p>\n<p>Enligt v\u00e4lunderr\u00e4ttade k\u00e4llor har s\u00e4ndebudet Steve Witkoff, Trumps sv\u00e4rson Jared Kushner och Putins f\u00f6rhandlare Kirill Dmitriev diskuterat hur USA och Ryssland kan dra nytta av varandra ekonomiskt. Man har planer p\u00e5 att tillsammans utvinna s\u00e4llsynta jordartsmetaller i Arktis och ett gemensamt rymduppdrag till Mars. <\/p>\n<p>Samtal f\u00f6rs \u00e4ven p\u00e5 n\u00e4ringslivsniv\u00e5. Aff\u00e4rsm\u00e4n i Putins krets har m\u00f6tt amerikanska f\u00f6retag och diskuterat en \u00e5terupplivning av oljeledningen Nord Stream.<\/p>\n<p>Uppgifterna har n\u00e5tt underr\u00e4ttelsetj\u00e4nster i Europa som uttryckt f\u00f6rv\u00e5ning och oro \u00f6ver de l\u00e5ngtg\u00e5ende planerna, skriver tidningen. Ett s\u00e5 omfattande samarbete mellan USA och Ryssland skulle rita om den ekonomiska och geopolitiska kartan i Europa.<\/p>\n<p>\u2013 Vi vet att det h\u00e4r inte handlar om fred. Det handlar om pengar, sa Polens premi\u00e4rminister Donald Tusk n\u00e4r Europa samlades f\u00f6r att diskutera USA:s fredsplan f\u00f6r Ukraina f\u00f6rra helgen.<\/p>\n<p>Omni \u00e4r politiskt obundna och oberoende. Vi str\u00e4var efter att ge fler perspektiv p\u00e5 nyheterna. Har du fr\u00e5gor eller synpunkter kring v\u00e5r rapportering? <a href=\"https:\/\/omni.se\/kallor-usa-och-ryssland-for-hemliga-samtal-om-rymdresor-och-projekt-i-arktis\/a\/mailto:redaktion@omni.se\" class=\"ArticleActions_contactLink__W2F1M\" rel=\"nofollow noopener\" target=\"_blank\">Kontakta redaktionen<\/a><\/p>\n","protected":false},"excerpt":{"rendered":"USA och Ryssland har l\u00e5ngtg\u00e5ende planer p\u00e5 ekonomiskt samarbete n\u00e4r kriget med Ukraina \u00e4r \u00f6ver, rapporterar Wall Street&hellip;\n","protected":false},"author":2,"featured_media":93160,"comment_status":"","ping_status":"","sticky":false,"template":"","format":"standard","meta":{"footnotes":""},"categories":[5],"tags":[387,22,23,267,26,27,17,21,10798,24,25,28,29,15,16,18,480,269,264,34,9122,31,33,32,30,19,20,263,74,261],"class_list":{"0":"post-93159","1":"post","2":"type-post","3":"status-publish","4":"format-standard","5":"has-post-thumbnail","7":"category-rubriker","8":"tag-amerikansk-politik","9":"tag-breaking-news","10":"tag-breakingnews","11":"tag-europa","12":"tag-featured-news","13":"tag-featurednews","14":"tag-headlines","15":"tag-huvudnyheter","16":"tag-jared-kushner","17":"tag-latest-news","18":"tag-latestnews","19":"tag-main-news","20":"tag-mainnews","21":"tag-news","22":"tag-nyheter","23":"tag-rubriker","24":"tag-rysk-politik","25":"tag-ryska-invasionen","26":"tag-ryssland","27":"tag-se","28":"tag-steve-witkoff","29":"tag-svenska","30":"tag-sverige","31":"tag-sweden","32":"tag-swedish","33":"tag-top-stories","34":"tag-topstories","35":"tag-ukraina","36":"tag-usa","37":"tag-vladimir-putin"},"share_on_mastodon":{"url":"https:\/\/pubeurope.com\/@se\/115635298213646911","error":""},"_links":{"self":[{"href":"https:\/\/www.europesays.com\/se\/wp-json\/wp\/v2\/posts\/93159","targetHints":{"allow":["GET"]}}],"collection":[{"href":"https:\/\/www.europesays.com\/se\/wp-json\/wp\/v2\/posts"}],"about":[{"href":"https:\/\/www.europesays.com\/se\/wp-json\/wp\/v2\/types\/post"}],"author":[{"embeddable":true,"href":"https:\/\/www.europesays.com\/se\/wp-json\/wp\/v2\/users\/2"}],"replies":[{"embeddable":true,"href":"https:\/\/www.europesays.com\/se\/wp-json\/wp\/v2\/comments?post=93159"}],"version-history":[{"count":0,"href":"https:\/\/www.europesays.com\/se\/wp-json\/wp\/v2\/posts\/93159\/revisions"}],"wp:featuredmedia":[{"embeddable":true,"href":"https:\/\/www.europesays.com\/se\/wp-json\/wp\/v2\/media\/93160"}],"wp:attachment":[{"href":"https:\/\/www.europesays.com\/se\/wp-json\/wp\/v2\/media?parent=93159"}],"wp:term":[{"taxonomy":"category","embeddable":true,"href":"https:\/\/www.europesays.com\/se\/wp-json\/wp\/v2\/categories?post=93159"},{"taxonomy":"post_tag","embeddable":true,"href":"https:\/\/www.europesays.com\/se\/wp-json\/wp\/v2\/tags?post=93159"}],"curies":[{"name":"wp","href":"https:\/\/api.w.org\/{rel}","templated":true}]}}