{"id":93163,"date":"2025-11-29T22:23:19","date_gmt":"2025-11-29T22:23:19","guid":{"rendered":"https:\/\/www.europesays.com\/se\/93163\/"},"modified":"2025-11-29T22:23:19","modified_gmt":"2025-11-29T22:23:19","slug":"svts-vd-kritiserar-sds-kallelse-till-riksdagen","status":"publish","type":"post","link":"https:\/\/www.europesays.com\/se\/93163\/","title":{"rendered":"SVT:s vd kritiserar SD:s kallelse till riksdagen"},"content":{"rendered":"<p>Att Sverigedemokraterna ville kalla SVT:s ledning till kulturutskottet tidigare i veckan \u00e4r \u201ddjupt problematiskt\u201d, s\u00e4ger SVT:s vd Anne Lagercrantz i Ekots l\u00f6rdagsintervju.<\/p>\n<p>SD ville fr\u00e5ga ut ledningen om bland annat rapporteringen kring hur SVT klippt Donald Trumps tal f\u00f6re stormningen av Kapitolium. <\/p>\n<p>\u2013 Det \u00e4r bra att vi granskas. Men det h\u00e4r \u00e4r n\u00e5gonting annat. F\u00f6r det SD \u00f6ppnar f\u00f6r \u00e4r en ordning med ett slags politiska f\u00f6rh\u00f6r och en detaljstyrning av inneh\u00e5llet, s\u00e4ger Lagercrantz.<\/p>\n<p>Hon till\u00e4gger att s\u00e5dana utfr\u00e5gningar, vid varje tillf\u00e4lle SVT har beg\u00e5tt misstag, riskerar public service-bolagets oberoende.<\/p>\n<p>De \u00f6vriga riksdagspartierna r\u00f6stade nej till att kalla upp SVT:s ledning.<\/p>\n<p>Omni \u00e4r politiskt obundna och oberoende. Vi str\u00e4var efter att ge fler perspektiv p\u00e5 nyheterna. Har du fr\u00e5gor eller synpunkter kring v\u00e5r rapportering? <a href=\"https:\/\/omni.se\/svt-s-vd-kritiserar-sd-s-kallelse-till-riksdagen\/a\/mailto:redaktion@omni.se\" class=\"ArticleActions_contactLink__W2F1M\" rel=\"nofollow noopener\" target=\"_blank\">Kontakta redaktionen<\/a><\/p>\n","protected":false},"excerpt":{"rendered":"Att Sverigedemokraterna ville kalla SVT:s ledning till kulturutskottet tidigare i veckan \u00e4r \u201ddjupt problematiskt\u201d, s\u00e4ger SVT:s vd Anne&hellip;\n","protected":false},"author":2,"featured_media":93164,"comment_status":"","ping_status":"","sticky":false,"template":"","format":"standard","meta":{"footnotes":""},"categories":[5],"tags":[5064,22,23,26,27,17,21,865,2872,24,25,28,29,732,15,16,369,18,34,31,33,617,586,32,30,19,20],"class_list":{"0":"post-93163","1":"post","2":"type-post","3":"status-publish","4":"format-standard","5":"has-post-thumbnail","7":"category-rubriker","8":"tag-anne-lagercrantz","9":"tag-breaking-news","10":"tag-breakingnews","11":"tag-featured-news","12":"tag-featurednews","13":"tag-headlines","14":"tag-huvudnyheter","15":"tag-journalistik","16":"tag-kulturpolitik","17":"tag-latest-news","18":"tag-latestnews","19":"tag-main-news","20":"tag-mainnews","21":"tag-media-reklam","22":"tag-news","23":"tag-nyheter","24":"tag-politik","25":"tag-rubriker","26":"tag-se","27":"tag-svenska","28":"tag-sverige","29":"tag-sverigedemokraterna","30":"tag-svt","31":"tag-sweden","32":"tag-swedish","33":"tag-top-stories","34":"tag-topstories"},"share_on_mastodon":{"url":"https:\/\/pubeurope.com\/@se\/115635329618485987","error":""},"_links":{"self":[{"href":"https:\/\/www.europesays.com\/se\/wp-json\/wp\/v2\/posts\/93163","targetHints":{"allow":["GET"]}}],"collection":[{"href":"https:\/\/www.europesays.com\/se\/wp-json\/wp\/v2\/posts"}],"about":[{"href":"https:\/\/www.europesays.com\/se\/wp-json\/wp\/v2\/types\/post"}],"author":[{"embeddable":true,"href":"https:\/\/www.europesays.com\/se\/wp-json\/wp\/v2\/users\/2"}],"replies":[{"embeddable":true,"href":"https:\/\/www.europesays.com\/se\/wp-json\/wp\/v2\/comments?post=93163"}],"version-history":[{"count":0,"href":"https:\/\/www.europesays.com\/se\/wp-json\/wp\/v2\/posts\/93163\/revisions"}],"wp:featuredmedia":[{"embeddable":true,"href":"https:\/\/www.europesays.com\/se\/wp-json\/wp\/v2\/media\/93164"}],"wp:attachment":[{"href":"https:\/\/www.europesays.com\/se\/wp-json\/wp\/v2\/media?parent=93163"}],"wp:term":[{"taxonomy":"category","embeddable":true,"href":"https:\/\/www.europesays.com\/se\/wp-json\/wp\/v2\/categories?post=93163"},{"taxonomy":"post_tag","embeddable":true,"href":"https:\/\/www.europesays.com\/se\/wp-json\/wp\/v2\/tags?post=93163"}],"curies":[{"name":"wp","href":"https:\/\/api.w.org\/{rel}","templated":true}]}}