{"id":93165,"date":"2025-11-29T22:25:11","date_gmt":"2025-11-29T22:25:11","guid":{"rendered":"https:\/\/www.europesays.com\/se\/93165\/"},"modified":"2025-11-29T22:25:11","modified_gmt":"2025-11-29T22:25:11","slug":"sverige-krossade-kuba-clara-lerby-flyger-till-traningarna","status":"publish","type":"post","link":"https:\/\/www.europesays.com\/se\/93165\/","title":{"rendered":"Sverige krossade Kuba \u2013 Clara Lerby flyger till tr\u00e4ningarna"},"content":{"rendered":"<p><a data-test-tag=\"internal-link\" href=\"https:\/\/www.aftonbladet.se\/av\/johan-flinck\" class=\"hyperion-css-13ns1rr\" rel=\"nofollow noopener\" target=\"\" aria-label=\"Se alla artiklar av Johan Flinck\"><img decoding=\"async\" class=\"image-asset hyperion-css-n6kkq1\" data-test-tag=\"image-asset\" src=\"https:\/\/www.europesays.com\/se\/wp-content\/uploads\/2025\/11\/1764455109_526_66adfd00-6544-4da7-b63f-93acfc7d6d5f\"  alt=\"\"  loading=\"lazy\" fetchpriority=\"auto\" style=\"aspect-ratio:1900 \/ 1900\"\/><\/a><\/p>\n<p class=\"boxtextgrotesk-root_baa6 hyperion-css-1w346fg\">Uppdaterad 22.26 | Publicerad 21.58<\/p>\n<p>share-arrowDela<\/p>\n<p>unsaveSpara<\/p>\n<p>expand-left<\/p>\n<p>helsk\u00e4rm<img decoding=\"async\" class=\"image-asset hyperion-css-u06ts1\" data-test-tag=\"image-asset\" src=\"https:\/\/www.europesays.com\/se\/wp-content\/uploads\/2025\/11\/7384c4a0-f28c-4d44-a4f0-68fff56d2373\"  alt=\"Clara Lerby.\"  loading=\"eager\" fetchpriority=\"high\" style=\"aspect-ratio:1900 \/ 1267\"\/>Clara Lerby. Foto: Emma Wallskog \/ Bildbyr\u00e5n<\/p>\n<p class=\"hyperion-css-1shl3oz\" data-test-tag=\"lead-text\">Clara Lerby flyger fram p\u00e5 sin kant i handbolls-VM och gjorde elva m\u00e5l i krossen mot Kuba i kv\u00e4ll.<\/p>\n<p class=\"hyperion-css-1shl3oz\" data-test-tag=\"lead-text\">Men s\u00e5 flyger v\u00e4nstersexan ocks\u00e5 till och fr\u00e5n tr\u00e4ningarna till vardags.<\/p>\n<p class=\"hyperion-css-1shl3oz\" data-test-tag=\"lead-text\">\u2013 Det \u00e4r ingen dans p\u00e5 rosor, s\u00e4ger Sveriges fr\u00e4msta m\u00e5lskytt s\u00e5 h\u00e4r l\u00e5ngt i VM.<\/p>\n<p class=\"hyperion-css-1v9qo5x\">Sverige hade som v\u00e4ntat inga problem med att k\u00f6ra \u00f6ver mycket svaga Kuba i lagets andra match i VM. Bl\u00e5gult inledde med att g\u00f6ra ett m\u00e5l i minuten och hade 10\u20132 efter tio minuter som blev 25\u20139 i paus och till slut 46\u201317 n\u00e4r f\u00f6rbundskapten Tomas Axn\u00e9r luftade truppen. D\u00e4rmed \u00e4r Sverige klart f\u00f6r mellanrundan, dit de tre b\u00e4sta lagen i gruppen g\u00e5r, med en gruppspelsmatch kvar.<\/p>\n<p class=\"hyperion-css-1v9qo5x\"><a data-test-tag=\"internal-link\" href=\"https:\/\/www.aftonbladet.se\/tagg\/clara-lerby\" class=\"hyperion-css-15jkft9\" rel=\"nofollow noopener\" target=\"\" aria-label=\"Clara Lerby\" theme=\"sportbladet\">Clara Lerby<\/a> var ett av de stora utropstecknen i premi\u00e4rsegern mot Tjeckien i torsdags och hon fortsatte p\u00e5 den inslagna v\u00e4gen mot Kuba: sex m\u00e5l i f\u00f6rsta halvlek och ytterligare fem i andra, totalt 17 p\u00e5 20 skott i VM f\u00f6r den vindsnabbe v\u00e4nstersexan och straffskytten trots att hon bara spelat h\u00e4lften av speltiden.<\/p>\n<p class=\"hyperion-css-1v9qo5x\">\u2013 Det var ganska l\u00e4tt match som vi s\u00e5klart skulle vinna. Kul att f\u00e5 sl\u00e4nga in lite m\u00e5l, s\u00e4ger hon.<\/p>\n<p class=\"hyperion-css-1v9qo5x\">Lerby flyger fram p\u00e5 sin kant som Sveriges nya, stora kontringsvapen.<\/p>\n<p class=\"hyperion-css-1v9qo5x\">\u2013 Det \u00e4r det jag varit bra p\u00e5 i hela min karri\u00e4r. Det \u00e4r v\u00e4l en blandning av snabbhet och \u201dtjuveri\u201d.<\/p>\n<p class=\"hyperion-css-1v9qo5x\">Hon \u00e4r van vid att flyga fram.<\/p>\n<p class=\"hyperion-css-1v9qo5x\">\u2013 Jag flyger till tr\u00e4ningarna hemma i Danmark, ber\u00e4ttar hon.<\/p>\n<p class=\"hyperion-css-1v9qo5x\">26-\u00e5ringen bor i \u00c5lborg p\u00e5 norra Jylland tillsammans med herrlandslagets m\u00e5lvakt Fabian Norsten. Paret hade just blivit tillsammans v\u00e5ren 2023 n\u00e4r Norsten l\u00e4mnade Bundesliga f\u00f6r \u00c5lborg i den danska ligan. Lerby hade just kommit tillbaka fr\u00e5n en korsbandsskada och valde att l\u00e4mna Lugi f\u00f6r \u00c5lborgs damlag i andraligan. <\/p>\n<p class=\"hyperion-css-1v9qo5x\">Efter tv\u00e5 succ\u00e9s\u00e4songer i \u00c5lborg v\u00e4rvades hon i somras av Nyk\u00f8bing Falster i syd\u00f6stra Danmark, 1,5 timme fr\u00e5n K\u00f6penhamn, och fick d\u00e5 igenom i f\u00f6rhandlingarna att hon skulle bo kvar i \u00c5lborg och att klubben betalade flygresorna. <\/p>\n<p class=\"hyperion-css-1v9qo5x\">\u2013 Alla de andra spelarna bor i K\u00f6penhamn. Hela laget bor p\u00e5 hotell nere i Nyk\u00f8bing Falster fr\u00e5n m\u00e5ndag till tisdag, d\u00e5 vi tr\u00e4nar d\u00e4r, och sedan flyger jag fram och tillbaka till tr\u00e4ningarna de andra dagarna. D\u00e5 tr\u00e4nar vi i K\u00f6penhamn, i en hall bara tio minuter med bil fr\u00e5n Kastrup.<\/p>\n<p>Flyger i 25\u201330 minuter<\/p>\n<p class=\"hyperion-css-1v9qo5x\">Hemma i \u00c5lborg bor hon och Fabian ocks\u00e5 bara tio minuter fr\u00e5n flygplatsen. Lerby har trimmat in rutinerna under h\u00f6sten.<\/p>\n<p class=\"hyperion-css-1v9qo5x\">\u2013 Jag g\u00e5r upp 07.50 om tr\u00e4ningen b\u00f6rjar klockan 10. Flygresan tar bara 25\u201330 minuter.<\/p>\n<p class=\"hyperion-css-1v9qo5x\">Till saken h\u00f6r att hennes tr\u00e4nare Niels Agesen pendlar samma str\u00e4cka med flyg: \u00c5lborg\u2013Kastrup.<\/p>\n<p>expand-left<\/p>\n<p>helsk\u00e4rm<img decoding=\"async\" class=\"image-asset hyperion-css-u06ts1\" data-test-tag=\"image-asset\" src=\"https:\/\/www.europesays.com\/se\/wp-content\/uploads\/2025\/11\/da046c8d-546a-4c81-9877-7ac3d8ea52c7\"  alt=\"\"  loading=\"eager\" fetchpriority=\"high\" style=\"aspect-ratio:1055 \/ 704\"\/><\/p>\n<p class=\"hyperion-css-1v9qo5x\">\u2013 Hade jag varit ensam om detta hade det inte g\u00e5tt. Nu g\u00e5r det fort att d\u00f6da tid och han har ju f\u00f6rst\u00e5else f\u00f6r om ett flyg \u00e4r inst\u00e4llt eller om det \u00e4r f\u00f6rsenat. <\/p>\n<p class=\"hyperion-css-1v9qo5x\"><strong>Ni m\u00e5ste komma varandra ganska n\u00e4ra som spelare\/tr\u00e4nare?<\/strong><\/p>\n<p class=\"hyperion-css-1v9qo5x\">\u2013 Vi \u00e4r b\u00e5da ganska sociala s\u00e5 snacket flyter bara p\u00e5. Vi k\u00f6r ju ocks\u00e5 ihop till m\u00e5nga matcher som spelas n\u00e4ra \u00c5lborg. Ibland \u00e4r man sur p\u00e5 honom, som p\u00e5 alla tr\u00e4nare man har, men jag kan s\u00e4ga det mesta till honom. Annars hade det h\u00e4r inte funkat.<\/p>\n<p class=\"hyperion-css-1v9qo5x\"><strong>Har det varit jobbigare eller smidigare \u00e4n du trodde att h\u00e5lla p\u00e5 och flyga s\u00e5 h\u00e4r?<\/strong><\/p>\n<p class=\"hyperion-css-1v9qo5x\">\u2013 Det \u00e4r ingen dans p\u00e5 rosor. Flygresorna i sig \u00e4r inte det jobbiga utan det \u00e4r att ta sig till flygplatsen, s\u00e4kerhetskontrollen och allt det d\u00e4r, \u00e4ven om jag g\u00e5r i fast track p\u00e5 Kastrup. Det kr\u00e4vs ocks\u00e5 v\u00e4ldigt mycket planering med att boka plats s\u00e5 man garanterat kommer med flyget. <\/p>\n<p class=\"hyperion-css-1v9qo5x\">Ibland tar Lerby i st\u00e4llet bilen \u00f6ver bron \u00f6sterut, till Sverige, efter en tr\u00e4ning i K\u00f6penhamn.<\/p>\n<p class=\"hyperion-css-1v9qo5x\">\u2013 Mamma och pappa bor i Trelleborg s\u00e5 har vi dubbeltr\u00e4ning en dag och sedan tr\u00e4ning dagen efter ocks\u00e5 k\u00f6r jag ibland hem till dem, k\u00e4kar, sover och k\u00f6r tillbaka igen. S\u00e5 jag reser en del. Det \u00e4r inte supermilj\u00f6v\u00e4nligt.<\/p>\n<p>Tr\u00e4ffades bara tv\u00e5 dagar i oktober<\/p>\n<p class=\"hyperion-css-1v9qo5x\">Lerby har kontrakt med Nyk\u00f8bing Falster till 2027. Hon t\u00e4nker forts\u00e4tta flygpendla f\u00f6r att f\u00e5 bo med Fabian.<\/p>\n<p class=\"hyperion-css-1v9qo5x\">\u2013  Jag \u00e4r en trygghetsm\u00e4nniska och trivs v\u00e4ldigt bra i \u00c5lborg. Hade jag velat byta flygresorna i mitt kontrakt till en l\u00e4genhet i K\u00f6penhamn hade klubben s\u00e4kert g\u00e5tt med p\u00e5 det. De vill v\u00e4l att man ska m\u00e5 bra, t\u00e4nker jag.<\/p>\n<p class=\"hyperion-css-1v9qo5x\">Men med varsin elithandbollskarri\u00e4r har Lerby och Norsten, vars \u00c5lborg ocks\u00e5 spelar i Champions League i veckorna, inte tid att ses s\u00e5 mycket. B\u00e5da \u00e4r ocks\u00e5 bofasta i sina landslag.<\/p>\n<p class=\"hyperion-css-1v9qo5x\">\u2013 I oktober tr\u00e4ffades vi i tv\u00e5 dagar p\u00e5 en m\u00e5nad. D\u00e5 bor vi \u00e4nd\u00e5 ihop, haha.<\/p>\n<p class=\"hyperion-css-1v9qo5x\">Efter tv\u00e5 enkla segrar i VM:s inledning v\u00e4ntar nu en gruppfinal mot Brasilien p\u00e5 m\u00e5ndag.<\/p>\n<p>FAKTAPlusbetygL\u00e4s mer<\/p>\n","protected":false},"excerpt":{"rendered":"Uppdaterad 22.26 | Publicerad 21.58 share-arrowDela unsaveSpara expand-left helsk\u00e4rmClara Lerby. Foto: Emma Wallskog \/ Bildbyr\u00e5n Clara Lerby flyger&hellip;\n","protected":false},"author":2,"featured_media":93166,"comment_status":"","ping_status":"","sticky":false,"template":"","format":"standard","meta":{"footnotes":""},"categories":[68],"tags":[34,111,110,31,33,32,30],"class_list":{"0":"post-93165","1":"post","2":"type-post","3":"status-publish","4":"format-standard","5":"has-post-thumbnail","7":"category-sport","8":"tag-se","9":"tag-sport","10":"tag-sports","11":"tag-svenska","12":"tag-sverige","13":"tag-sweden","14":"tag-swedish"},"share_on_mastodon":{"url":"https:\/\/pubeurope.com\/@se\/115635337781702062","error":""},"_links":{"self":[{"href":"https:\/\/www.europesays.com\/se\/wp-json\/wp\/v2\/posts\/93165","targetHints":{"allow":["GET"]}}],"collection":[{"href":"https:\/\/www.europesays.com\/se\/wp-json\/wp\/v2\/posts"}],"about":[{"href":"https:\/\/www.europesays.com\/se\/wp-json\/wp\/v2\/types\/post"}],"author":[{"embeddable":true,"href":"https:\/\/www.europesays.com\/se\/wp-json\/wp\/v2\/users\/2"}],"replies":[{"embeddable":true,"href":"https:\/\/www.europesays.com\/se\/wp-json\/wp\/v2\/comments?post=93165"}],"version-history":[{"count":0,"href":"https:\/\/www.europesays.com\/se\/wp-json\/wp\/v2\/posts\/93165\/revisions"}],"wp:featuredmedia":[{"embeddable":true,"href":"https:\/\/www.europesays.com\/se\/wp-json\/wp\/v2\/media\/93166"}],"wp:attachment":[{"href":"https:\/\/www.europesays.com\/se\/wp-json\/wp\/v2\/media?parent=93165"}],"wp:term":[{"taxonomy":"category","embeddable":true,"href":"https:\/\/www.europesays.com\/se\/wp-json\/wp\/v2\/categories?post=93165"},{"taxonomy":"post_tag","embeddable":true,"href":"https:\/\/www.europesays.com\/se\/wp-json\/wp\/v2\/tags?post=93165"}],"curies":[{"name":"wp","href":"https:\/\/api.w.org\/{rel}","templated":true}]}}