{"id":93169,"date":"2025-11-29T22:33:13","date_gmt":"2025-11-29T22:33:13","guid":{"rendered":"https:\/\/www.europesays.com\/se\/93169\/"},"modified":"2025-11-29T22:33:13","modified_gmt":"2025-11-29T22:33:13","slug":"uppgifter-torino-intresserat-av-thychosen","status":"publish","type":"post","link":"https:\/\/www.europesays.com\/se\/93169\/","title":{"rendered":"Uppgifter: Torino intresserat av Thychosen"},"content":{"rendered":"<p><strong>AIK:s<\/strong> <strong>Mads Thychosen, 28, lockar intresse fr\u00e5n Serie A.<br \/>Enligt den italienska sajten Settecalcio kan f\u00f6rhandlingar med Torino snart ta fart.<\/strong><\/p>\n<p><img loading=\"lazy\" decoding=\"async\" width=\"1024\" height=\"576\" src=\"https:\/\/www.europesays.com\/se\/wp-content\/uploads\/2025\/11\/thychosen-1024x576.jpg\" alt=\"\" class=\"wp-image-345533\"  \/>Foto: Bildbyr\u00e5n<\/p>\n<p><a href=\"https:\/\/fotbolldirekt.se\/spelare\/mads-thychosen\/\" rel=\"nofollow noopener\" target=\"_blank\">Mads Thychosen<\/a> uppges ha intresse fr\u00e5n Serie A. Danskens kontrakt med <a href=\"https:\/\/fotbolldirekt.se\/klubb\/aik-fotboll\/\" rel=\"nofollow noopener\" target=\"_blank\">AIK<\/a> l\u00f6per ut efter 2027 men enligt sajten Settecalcio kan han l\u00e4mna tidigare.<\/p>\n<p>Settecalcio g\u00f6r g\u00e4llande att  Torino \u00e4r intresserat av AIK-backen och han ses som ett \u201dungt och dynamiskt alternativ\u201d. Torino arbetar f\u00f6r att f\u00e5 till en aff\u00e4r och f\u00f6rhandlingar uppges vara p\u00e5 g\u00e5ng.<\/p>\n<p>Thychosen ansl\u00f6t till \u201dGnaget\u201d 2023 fr\u00e5n Midtjylland och st\u00e5r noterad f\u00f6r 84 framtr\u00e4danden i AIK.<\/p>\n","protected":false},"excerpt":{"rendered":"AIK:s Mads Thychosen, 28, lockar intresse fr\u00e5n Serie A.Enligt den italienska sajten Settecalcio kan f\u00f6rhandlingar med Torino snart&hellip;\n","protected":false},"author":2,"featured_media":93170,"comment_status":"","ping_status":"","sticky":false,"template":"","format":"standard","meta":{"footnotes":""},"categories":[68],"tags":[1376,34,111,110,31,33,32,30],"class_list":{"0":"post-93169","1":"post","2":"type-post","3":"status-publish","4":"format-standard","5":"has-post-thumbnail","7":"category-sport","8":"tag-andra-trean","9":"tag-se","10":"tag-sport","11":"tag-sports","12":"tag-svenska","13":"tag-sverige","14":"tag-sweden","15":"tag-swedish"},"share_on_mastodon":{"url":"https:\/\/pubeurope.com\/@se\/115635369132358333","error":""},"_links":{"self":[{"href":"https:\/\/www.europesays.com\/se\/wp-json\/wp\/v2\/posts\/93169","targetHints":{"allow":["GET"]}}],"collection":[{"href":"https:\/\/www.europesays.com\/se\/wp-json\/wp\/v2\/posts"}],"about":[{"href":"https:\/\/www.europesays.com\/se\/wp-json\/wp\/v2\/types\/post"}],"author":[{"embeddable":true,"href":"https:\/\/www.europesays.com\/se\/wp-json\/wp\/v2\/users\/2"}],"replies":[{"embeddable":true,"href":"https:\/\/www.europesays.com\/se\/wp-json\/wp\/v2\/comments?post=93169"}],"version-history":[{"count":0,"href":"https:\/\/www.europesays.com\/se\/wp-json\/wp\/v2\/posts\/93169\/revisions"}],"wp:featuredmedia":[{"embeddable":true,"href":"https:\/\/www.europesays.com\/se\/wp-json\/wp\/v2\/media\/93170"}],"wp:attachment":[{"href":"https:\/\/www.europesays.com\/se\/wp-json\/wp\/v2\/media?parent=93169"}],"wp:term":[{"taxonomy":"category","embeddable":true,"href":"https:\/\/www.europesays.com\/se\/wp-json\/wp\/v2\/categories?post=93169"},{"taxonomy":"post_tag","embeddable":true,"href":"https:\/\/www.europesays.com\/se\/wp-json\/wp\/v2\/tags?post=93169"}],"curies":[{"name":"wp","href":"https:\/\/api.w.org\/{rel}","templated":true}]}}