{"id":93171,"date":"2025-11-29T22:38:08","date_gmt":"2025-11-29T22:38:08","guid":{"rendered":"https:\/\/www.europesays.com\/se\/93171\/"},"modified":"2025-11-29T22:38:08","modified_gmt":"2025-11-29T22:38:08","slug":"dolda-bomben-hotar-sverigesbostadsmarknad","status":"publish","type":"post","link":"https:\/\/www.europesays.com\/se\/93171\/","title":{"rendered":"Dolda bomben hotar Sveriges\nbostadsmarknad"},"content":{"rendered":"<p>Publicerad 29 nov 2025 kl 22.41<\/p>\n<p>EU:s strategi f\u00f6r energisn\u00e5lare bost\u00e4der i Europa riskerar att bli en m\u00e5ngmiljardsmocka mot svenska fastighets\u00e4gare, varnar SBAB:s chefsekonom Robert Boije i <a href=\"https:\/\/www.di.se\/nyheter\/varning-for-bomben-pa-bomarknaden\/\" rel=\"nofollow noopener\" target=\"_blank\">Di<\/a>.\u00a0<\/p>\n<p>\u2013 Det \u00e4r lite av en bomb f\u00f6r bostadsmarknaden, men som i stort sett g\u00e5tt under radarn i Sverige, s\u00e4ger han till tidningen.\u00a0<\/p>\n<p>Se senaste avsnittet av B\u00f6rsmorgon.<img loading=\"lazy\"   alt=\"\"\/><\/p>\n<p>EU:s f\u00f6rslag om att bostadshus m\u00e5ste n\u00e5 energiklass D till 2033 riskerar att bli en rej\u00e4l smocka f\u00f6r svensk bostadsmarknad.<\/p>\n<p>Foto: Fredrik Sandberg\/TT \/ TT NYHETSBYR\u00c5N<\/p>\n<p>\u00d6ppna bild i helsk\u00e4rm<img loading=\"lazy\"   alt=\"\"\/><\/p>\n<p>Trots att v\u00e4ldigt f\u00e5 svenska bost\u00e4der v\u00e4rms upp med fossila energik\u00e4llor kan Sverige tvingas anpassa hela bostadsbest\u00e5ndet till energiklass D.<\/p>\n<p>Foto: Fredrik Persson \/ TT NYHETSBYR\u00c5N<\/p>\n<p>\u00d6ppna bild i helsk\u00e4rm<img loading=\"lazy\"   alt=\"\"\/><\/p>\n<p>SBAB:s chefsekonom Robert Boije.<\/p>\n<p>Foto: Lars Schr\u00f6der\/TT \/ TT NYHETSBYR\u00c5N<\/p>\n<p>\u00d6ppna bild i helsk\u00e4rm<\/p>\n<p>Med m\u00e5l att minska nettoutsl\u00e4ppen av v\u00e4xthusgaser och Europas beroende av rysk gas ser EU \u00f6ver en strategi f\u00f6r energisn\u00e5lare bost\u00e4der i Europa.\u00a0<\/p>\n<p>F\u00f6rslaget om att unionens bostadshus ska n\u00e5 energiklass D till 2033 riskerar att sl\u00e5 h\u00e5rt mot boende i bostadsr\u00e4tter, hyresr\u00e4tter och sm\u00e5hus och fastighets\u00e4gare, rapporterar Di.\u00a0<\/p>\n<p>En som p\u00e5 n\u00e4ra h\u00e5ll f\u00f6ljt planerna \u00e4r Robert Boije.\u00a0<\/p>\n<p>Nu varnar han f\u00f6r f\u00f6ljderna i <a href=\"https:\/\/www.expressen.se\/tagg\/location\/sverige\/\" class=\"\" rel=\"nofollow noopener\" target=\"_blank\">Sverige<\/a>, trots att v\u00e4ldigt f\u00e5 av bost\u00e4derna v\u00e4rms upp av fossila energik\u00e4llor. \u00a0\u00a0<\/p>\n<p>Chefsekonom: \u201dBli kostsamt\u201d<\/p>\n<p>\u2013 Det \u00e4r lite av en bomb f\u00f6r bostadsmarknaden, men som i stort sett g\u00e5tt under radarn i Sverige. Beroende p\u00e5 hur det genomf\u00f6rs kan det bli kostsamt f\u00f6r m\u00e5nga fastighets\u00e4gare, s\u00e4ger han till Di.\u00a0<\/p>\n<p>Bara f\u00f6r de kommunala bostadsbolagen uppskattas kostnaden till svindlande 200 miljarder kronor, enligt tidningen.\u00a0<\/p>\n<p>Hans Lind, tidigare professor i fastighetsekonomi vid KTH, \u00e4r dock av uppfattningen att f\u00f6rslaget inte kommer att genomf\u00f6ras i sin nuvarande form.\u00a0<\/p>\n<p>\u2013 I slut\u00e4nden kommer politikerna att inse att vi inte kan kr\u00e4va saker som g\u00f6r att hus blir v\u00e4rdel\u00f6sa. Vi kan inte heller ruinera de allm\u00e4nnyttiga bostadsbolagen, s\u00e4ger han i <a href=\"https:\/\/www.di.se\/nyheter\/varning-for-bomben-pa-bomarknaden\/\" rel=\"nofollow noopener\" target=\"_blank\">Di<\/a>.\u00a0<\/p>\n","protected":false},"excerpt":{"rendered":"Publicerad 29 nov 2025 kl 22.41 EU:s strategi f\u00f6r energisn\u00e5lare bost\u00e4der i Europa riskerar att bli en m\u00e5ngmiljardsmocka&hellip;\n","protected":false},"author":2,"featured_media":93172,"comment_status":"","ping_status":"","sticky":false,"template":"","format":"standard","meta":{"footnotes":""},"categories":[12],"tags":[22,23,26,27,17,21,24,25,286,212,28,29,15,16,746,4603,1136,18,34,154,31,33,32,30,19,749,750,3615,20],"class_list":{"0":"post-93171","1":"post","2":"type-post","3":"status-publish","4":"format-standard","5":"has-post-thumbnail","7":"category-sverige","8":"tag-breaking-news","9":"tag-breakingnews","10":"tag-featured-news","11":"tag-featurednews","12":"tag-headlines","13":"tag-huvudnyheter","14":"tag-latest-news","15":"tag-latestnews","16":"tag-location-europa","17":"tag-location-sverige","18":"tag-main-news","19":"tag-mainnews","20":"tag-news","21":"tag-nyheter","22":"tag-organization-eu","23":"tag-organization-kungliga-tekniska-hogskolan","24":"tag-organization-sbab-bank","25":"tag-rubriker","26":"tag-se","27":"tag-sections-sverige","28":"tag-svenska","29":"tag-sverige","30":"tag-sweden","31":"tag-swedish","32":"tag-top-stories","33":"tag-topic-bostadsmarknad","34":"tag-topic-bostadspolitik","35":"tag-topic-energifragor","36":"tag-topstories"},"share_on_mastodon":{"url":"https:\/\/pubeurope.com\/@se\/115635388770516146","error":""},"_links":{"self":[{"href":"https:\/\/www.europesays.com\/se\/wp-json\/wp\/v2\/posts\/93171","targetHints":{"allow":["GET"]}}],"collection":[{"href":"https:\/\/www.europesays.com\/se\/wp-json\/wp\/v2\/posts"}],"about":[{"href":"https:\/\/www.europesays.com\/se\/wp-json\/wp\/v2\/types\/post"}],"author":[{"embeddable":true,"href":"https:\/\/www.europesays.com\/se\/wp-json\/wp\/v2\/users\/2"}],"replies":[{"embeddable":true,"href":"https:\/\/www.europesays.com\/se\/wp-json\/wp\/v2\/comments?post=93171"}],"version-history":[{"count":0,"href":"https:\/\/www.europesays.com\/se\/wp-json\/wp\/v2\/posts\/93171\/revisions"}],"wp:featuredmedia":[{"embeddable":true,"href":"https:\/\/www.europesays.com\/se\/wp-json\/wp\/v2\/media\/93172"}],"wp:attachment":[{"href":"https:\/\/www.europesays.com\/se\/wp-json\/wp\/v2\/media?parent=93171"}],"wp:term":[{"taxonomy":"category","embeddable":true,"href":"https:\/\/www.europesays.com\/se\/wp-json\/wp\/v2\/categories?post=93171"},{"taxonomy":"post_tag","embeddable":true,"href":"https:\/\/www.europesays.com\/se\/wp-json\/wp\/v2\/tags?post=93171"}],"curies":[{"name":"wp","href":"https:\/\/api.w.org\/{rel}","templated":true}]}}