{"id":93188,"date":"2025-11-29T23:29:12","date_gmt":"2025-11-29T23:29:12","guid":{"rendered":"https:\/\/www.europesays.com\/se\/93188\/"},"modified":"2025-11-29T23:29:12","modified_gmt":"2025-11-29T23:29:12","slug":"tottenham-buades-ut-i-forlusten-mot-fulham","status":"publish","type":"post","link":"https:\/\/www.europesays.com\/se\/93188\/","title":{"rendered":"Tottenham buades ut i f\u00f6rlusten mot Fulham"},"content":{"rendered":"<p><a data-test-tag=\"internal-link\" href=\"https:\/\/www.aftonbladet.se\/av\/benjamin-hanafi\" class=\"hyperion-css-13ns1rr\" rel=\"nofollow noopener\" target=\"\" aria-label=\"Se alla artiklar av Benjamin Hanafi\"><img decoding=\"async\" class=\"image-asset hyperion-css-n6kkq1\" data-test-tag=\"image-asset\" src=\"https:\/\/www.europesays.com\/se\/wp-content\/uploads\/2025\/11\/1764458951_567_ed296fd6-161a-49a4-8ec7-d71c8d0a5a1b\"  alt=\"\"  loading=\"lazy\" fetchpriority=\"auto\" style=\"aspect-ratio:1900 \/ 1900\"\/><\/a><\/p>\n<p class=\"boxtextgrotesk-root_baa6 hyperion-css-1w346fg\">Publicerad 2025-11-29 22.58<\/p>\n<p>share-arrowDela<\/p>\n<p>unsaveSpara<\/p>\n<p>expand-left<\/p>\n<p>helsk\u00e4rm<img decoding=\"async\" class=\"image-asset hyperion-css-u06ts1\" data-test-tag=\"image-asset\" src=\"https:\/\/www.europesays.com\/se\/wp-content\/uploads\/2025\/11\/2e03e5d5-ee93-45f4-afa9-e7f7f85e2d69\"  alt=\"\"  loading=\"eager\" fetchpriority=\"high\" style=\"aspect-ratio:1900 \/ 1267\"\/> Foto: Julian Finney \/ Getty Images<\/p>\n<p class=\"hyperion-css-1shl3oz\" data-test-tag=\"lead-text\">Tottenham f\u00f6ll ihop och buades ut redan efter sju minuter.<\/p>\n<p class=\"hyperion-css-1shl3oz\" data-test-tag=\"lead-text\">Det gillade inte Thomas Frank.<\/p>\n<p class=\"hyperion-css-1shl3oz\" data-test-tag=\"lead-text\">\u2013 Det \u00e4r oacceptabelt enligt min mening, s\u00e4ger tr\u00e4naren.<\/p>\n<p class=\"hyperion-css-1v9qo5x\">Kenny Tete gav Fulham ledningen efter fyra minuter och ett par minuter senare ut\u00f6kade Harry Wilson efter en blunder av Vicario.<\/p>\n<p class=\"hyperion-css-1v9qo5x\">Tottenhams m\u00e5lvakt var ute p\u00e5 ett eget \u00e4ventyr, l\u00e4mnade m\u00e5let \u00f6ppet och hann inte tillbaka f\u00f6r avv\u00e4rja Wilsons 2\u20130-m\u00e5l.<\/p>\n<p class=\"hyperion-css-1v9qo5x\">Det f\u00f6ljdes av burop fr\u00e5n hemmapubliken, rapporterar Sky Sports, och burop blev det \u00e4ven i halvtidsvisslan och slutsignal.<\/p>\n<p class=\"hyperion-css-1v9qo5x\">\u2013 De (som buade) kan inte vara riktiga Tottenham-fans, f\u00f6r alla st\u00f6ttar varandra n\u00e4r man \u00e4r ute p\u00e5 planen och vi g\u00f6r allt vi kan f\u00f6r att prestera. Jag har inget problem med om de buar efter matchen, men inte under tiden, s\u00e4ger Thomas Frank till Sky Sports.<\/p>\n<p>Bergvall med assist<\/p>\n<p class=\"hyperion-css-1v9qo5x\">Tottenham n\u00e4rmade sig i andra halvlek, men Fulham vann matchen med 2\u20131.<\/p>\n<p class=\"hyperion-css-1v9qo5x\">\u2013 Vi ville komma tillbaka in i matchen men lyckades inte g\u00f6ra det i f\u00f6rsta halvlek, men vi blev mycket b\u00e4ttre i andra halvlek. Vi fick lite momentum, skapade fler chanser, men kunde inte g\u00f6ra det andra m\u00e5let, s\u00e4ger Frank.<\/p>\n<p class=\"hyperion-css-1v9qo5x\"><a data-test-tag=\"internal-link\" href=\"https:\/\/www.aftonbladet.se\/tagg\/lucas-bergvall\" class=\"hyperion-css-15jkft9\" rel=\"nofollow noopener\" target=\"\" aria-label=\"Lucas Bergvall\" theme=\"sportbladet\">Lucas Bergvall<\/a> l\u00e5g bakom reduceringen n\u00e4r han spelade fram Mohamed Kudus som pangade in bollen i n\u00e4t.<\/p>\n<p class=\"hyperion-css-1v9qo5x\">Tottenham har nu fyra raka ligamatcher utan seger, och ligger p\u00e5 tionde plats.<\/p>\n<p>H\u00e4ndelserInb\u00f6rdes m\u00f6ten5 senasteLaguppst\u00e4llningTabell<\/p>\n<p>Arena: Tottenham Hotspur StadiumDomare: Stuart Attwell<\/p>\n<ul class=\"eventperiod-eventList_faaa\">\n<li class=\"eventrow-eventRow_630f\">\n<p>4&#8242;<\/p>\n<p>S. Chukwueze <b>K. Tete\u00a0(0-1)\u00a0<\/b><\/p>\n<\/li>\n<li class=\"eventrow-eventRow_630f\">\n<p>6&#8242;<\/p>\n<p>J. King <b>H. Wilson\u00a0(0-2)\u00a0<\/b><\/p>\n<\/li>\n<li class=\"eventrow-eventRow_630f\">\n<p>30&#8242;<\/p>\n<\/li>\n<\/ul>\n<ul class=\"eventperiod-eventList_faaa\">\n<li class=\"eventrow-eventRow_630f\">\n<p>49&#8242;<\/p>\n<\/li>\n<li class=\"eventrow-eventRow_630f\">\n<p>L. Bergvall <b>M. Kudus\u00a0(1-2)\u00a0<\/b><\/p>\n<p>59&#8242;<\/p>\n<\/li>\n<li class=\"eventrow-eventRow_630f\">\n<p><b>R. Bentancur<\/b>\u00a0J. Palhinha<\/p>\n<p>60&#8242;<\/p>\n<\/li>\n<li class=\"eventrow-eventRow_630f\">\n<p>68&#8242;<\/p>\n<\/li>\n<li class=\"eventrow-eventRow_630f\">\n<p>77&#8242;<\/p>\n<\/li>\n<li class=\"eventrow-eventRow_630f\">\n<p>78&#8242;<\/p>\n<\/li>\n<li class=\"eventrow-eventRow_630f\">\n<p>80&#8242;<\/p>\n<\/li>\n<li class=\"eventrow-eventRow_630f\">\n<p>85&#8242;<\/p>\n<\/li>\n<li class=\"eventrow-eventRow_630f\">\n<p>87&#8242;<\/p>\n<\/li>\n<li class=\"eventrow-eventRow_630f\">\n<p>90&#8217;+1<\/p>\n<\/li>\n<li class=\"eventrow-eventRow_630f\">\n<p>90&#8217;+4<\/p>\n<\/li>\n<\/ul>\n<p><a class=\"default eventsummary-followLink_0f93 hyperion-css-1u8qly9\" href=\"https:\/\/malservice.aftonbladet.se\/match\/_\/699380\/rapport\" target=\"_blank\" rel=\"noopener noreferrer nofollow\" data-test-tag=\"external-link\">L\u00e4s mer p\u00e5 M\u00e5lservicechevron-right<\/a><\/p>\n","protected":false},"excerpt":{"rendered":"Publicerad 2025-11-29 22.58 share-arrowDela unsaveSpara expand-left helsk\u00e4rm Foto: Julian Finney \/ Getty Images Tottenham f\u00f6ll ihop och buades&hellip;\n","protected":false},"author":2,"featured_media":93189,"comment_status":"","ping_status":"","sticky":false,"template":"","format":"standard","meta":{"footnotes":""},"categories":[68],"tags":[34,111,110,31,33,32,30],"class_list":{"0":"post-93188","1":"post","2":"type-post","3":"status-publish","4":"format-standard","5":"has-post-thumbnail","7":"category-sport","8":"tag-se","9":"tag-sport","10":"tag-sports","11":"tag-svenska","12":"tag-sverige","13":"tag-sweden","14":"tag-swedish"},"share_on_mastodon":{"url":"https:\/\/pubeurope.com\/@se\/115635589464689671","error":""},"_links":{"self":[{"href":"https:\/\/www.europesays.com\/se\/wp-json\/wp\/v2\/posts\/93188","targetHints":{"allow":["GET"]}}],"collection":[{"href":"https:\/\/www.europesays.com\/se\/wp-json\/wp\/v2\/posts"}],"about":[{"href":"https:\/\/www.europesays.com\/se\/wp-json\/wp\/v2\/types\/post"}],"author":[{"embeddable":true,"href":"https:\/\/www.europesays.com\/se\/wp-json\/wp\/v2\/users\/2"}],"replies":[{"embeddable":true,"href":"https:\/\/www.europesays.com\/se\/wp-json\/wp\/v2\/comments?post=93188"}],"version-history":[{"count":0,"href":"https:\/\/www.europesays.com\/se\/wp-json\/wp\/v2\/posts\/93188\/revisions"}],"wp:featuredmedia":[{"embeddable":true,"href":"https:\/\/www.europesays.com\/se\/wp-json\/wp\/v2\/media\/93189"}],"wp:attachment":[{"href":"https:\/\/www.europesays.com\/se\/wp-json\/wp\/v2\/media?parent=93188"}],"wp:term":[{"taxonomy":"category","embeddable":true,"href":"https:\/\/www.europesays.com\/se\/wp-json\/wp\/v2\/categories?post=93188"},{"taxonomy":"post_tag","embeddable":true,"href":"https:\/\/www.europesays.com\/se\/wp-json\/wp\/v2\/tags?post=93188"}],"curies":[{"name":"wp","href":"https:\/\/api.w.org\/{rel}","templated":true}]}}