{"id":93220,"date":"2025-11-30T00:33:10","date_gmt":"2025-11-30T00:33:10","guid":{"rendered":"https:\/\/www.europesays.com\/se\/93220\/"},"modified":"2025-11-30T00:33:10","modified_gmt":"2025-11-30T00:33:10","slug":"hector-missade-pallen-fyra-i-varldscupen","status":"publish","type":"post","link":"https:\/\/www.europesays.com\/se\/93220\/","title":{"rendered":"Hector missade pallen \u2013 fyra i v\u00e4rldscupen"},"content":{"rendered":"<p class=\"boxtextgrotesk-root_baa6 hyperion-css-1w346fg\">Publicerad 2025-11-29 19.32<\/p>\n<p>share-arrowDela<\/p>\n<p>unsaveSpara<\/p>\n<p>expand-left<\/p>\n<p>helsk\u00e4rm<img decoding=\"async\" class=\"image-asset hyperion-css-u06ts1\" data-test-tag=\"image-asset\" src=\"https:\/\/www.europesays.com\/se\/wp-content\/uploads\/2025\/11\/f8a1af20-4493-4ce2-aea4-024c4d58cc90\"  alt=\"Sara Hector missade pallen n\u00e4r v\u00e4rldscupt\u00e4vlingen i storslalom avgjordes i Copper Mountain.\"  loading=\"eager\" fetchpriority=\"high\" style=\"aspect-ratio:1900 \/ 1267\"\/>Sara Hector missade pallen n\u00e4r v\u00e4rldscupt\u00e4vlingen i storslalom avgjordes i Copper Mountain. Foto: Robert F. Bukaty\/AP\/TT<\/p>\n<p class=\"hyperion-css-1shl3oz\" data-test-tag=\"lead-text\">Sara Hector l\u00e5g tv\u00e5a efter ett fint f\u00f6rsta \u00e5k i storslalomt\u00e4vlingen i Copper Mountain.<\/p>\n<p class=\"hyperion-css-1shl3oz\" data-test-tag=\"lead-text\">Men det andra \u00e5ket var s\u00e4mre, och svenskan slutade p\u00e5 en fj\u00e4rdeplats.<\/p>\n<p class=\"hyperion-css-1v9qo5x\">Hector slutade 1,17 sekunder bakom vinnaren Alice Robinson fr\u00e5n Nya Zeeland. Julia Scheib fr\u00e5n \u00d6sterrike slutade tv\u00e5a, och norskan Thea Louise Stjernesund tog tredjeplatsen efter ha varit b\u00e4st av alla i andra \u00e5ket.<\/p>\n<p class=\"hyperion-css-1v9qo5x\">Stjernesund var blott nio hundradelar snabbare \u00e4n Sara Hector, som jagade sin \u00e5ttonde seger i v\u00e4rldscupen.<\/p>\n<p class=\"hyperion-css-1v9qo5x\">F\u00f6rra s\u00e4songen tog Hector fyra pallplatser i storslalom, varav tv\u00e5 segrar. Det blev ocks\u00e5 tv\u00e5 pallplatser i slalom.<\/p>\n<p class=\"hyperion-css-1v9qo5x\">I storslalompremi\u00e4ren i S\u00f6lden i slutet av oktober slutade Hector nia.<\/p>\n<p class=\"hyperion-css-1v9qo5x\">De \u00f6vriga svenskorna Estelle Alphand och Hanna Aronsson Elfman slutade p\u00e5 20:e respektive 21:a plats, 2,64 respektive 2,69 sekunder efter Alice Robinson.<\/p>\n<p class=\"hyperion-css-1v9qo5x\">Den amerikanska storstj\u00e4rnan Mikaela Shiffrin hamnade p\u00e5 14:e plats efter tv\u00e5 halvdana \u00e5k.<\/p>\n<p class=\"hyperion-css-1v9qo5x\">P\u00e5 s\u00f6ndagen v\u00e4ntar nya chanser f\u00f6r svenskorna n\u00e4r slalom v\u00e4ntar i Copper Mountain, med start 18.00.<\/p>\n","protected":false},"excerpt":{"rendered":"Publicerad 2025-11-29 19.32 share-arrowDela unsaveSpara expand-left helsk\u00e4rmSara Hector missade pallen n\u00e4r v\u00e4rldscupt\u00e4vlingen i storslalom avgjordes i Copper Mountain.&hellip;\n","protected":false},"author":2,"featured_media":93221,"comment_status":"","ping_status":"","sticky":false,"template":"","format":"standard","meta":{"footnotes":""},"categories":[68],"tags":[34,111,110,31,33,32,30],"class_list":{"0":"post-93220","1":"post","2":"type-post","3":"status-publish","4":"format-standard","5":"has-post-thumbnail","7":"category-sport","8":"tag-se","9":"tag-sport","10":"tag-sports","11":"tag-svenska","12":"tag-sverige","13":"tag-sweden","14":"tag-swedish"},"share_on_mastodon":{"url":"https:\/\/pubeurope.com\/@se\/115635840972080063","error":""},"_links":{"self":[{"href":"https:\/\/www.europesays.com\/se\/wp-json\/wp\/v2\/posts\/93220","targetHints":{"allow":["GET"]}}],"collection":[{"href":"https:\/\/www.europesays.com\/se\/wp-json\/wp\/v2\/posts"}],"about":[{"href":"https:\/\/www.europesays.com\/se\/wp-json\/wp\/v2\/types\/post"}],"author":[{"embeddable":true,"href":"https:\/\/www.europesays.com\/se\/wp-json\/wp\/v2\/users\/2"}],"replies":[{"embeddable":true,"href":"https:\/\/www.europesays.com\/se\/wp-json\/wp\/v2\/comments?post=93220"}],"version-history":[{"count":0,"href":"https:\/\/www.europesays.com\/se\/wp-json\/wp\/v2\/posts\/93220\/revisions"}],"wp:featuredmedia":[{"embeddable":true,"href":"https:\/\/www.europesays.com\/se\/wp-json\/wp\/v2\/media\/93221"}],"wp:attachment":[{"href":"https:\/\/www.europesays.com\/se\/wp-json\/wp\/v2\/media?parent=93220"}],"wp:term":[{"taxonomy":"category","embeddable":true,"href":"https:\/\/www.europesays.com\/se\/wp-json\/wp\/v2\/categories?post=93220"},{"taxonomy":"post_tag","embeddable":true,"href":"https:\/\/www.europesays.com\/se\/wp-json\/wp\/v2\/tags?post=93220"}],"curies":[{"name":"wp","href":"https:\/\/api.w.org\/{rel}","templated":true}]}}