{"id":93268,"date":"2025-11-30T03:26:09","date_gmt":"2025-11-30T03:26:09","guid":{"rendered":"https:\/\/www.europesays.com\/se\/93268\/"},"modified":"2025-11-30T03:26:09","modified_gmt":"2025-11-30T03:26:09","slug":"mcdonalds-satsar-i-sverige-efter-stangningar","status":"publish","type":"post","link":"https:\/\/www.europesays.com\/se\/93268\/","title":{"rendered":"McDonald\u2019s satsar i Sverige efter st\u00e4ngningar"},"content":{"rendered":"<p>McDonald\u2019s har \u00f6ppnat sin 200:e restaurang i Sverige, bel\u00e4gen i Mall of Scandinavia. Det markerar en \u00e5terg\u00e5ng till en \u201daggressiv expansionsfas\u201d efter tidigare st\u00e4ngningar, uppger etableringschefen Marcus \u00c5berg f\u00f6r Fastighetsnytt.<\/p>\n<p>\u2013 Vi ser att vi har ett bra erbjudande och s\u00f6ker l\u00f6sningar d\u00e4r vi kan forts\u00e4tta etablera oss, s\u00e4ger han efter invigningen.<\/p>\n<p>Kedjan v\u00e4ntas \u00f6ppna sju nya restauranger i \u00e5r och lika m\u00e5nga n\u00e4sta \u00e5r. Franchisegivaren Food Folk Sverige \u00f6kade 2024 oms\u00e4ttningen till 1,56 miljarder kronor och gjorde ett resultat p\u00e5 308 miljoner.<\/p>\n<p>Omni \u00e4r politiskt obundna och oberoende. Vi str\u00e4var efter att ge fler perspektiv p\u00e5 nyheterna. Har du fr\u00e5gor eller synpunkter kring v\u00e5r rapportering? <a href=\"https:\/\/omni.se\/mcdonalds-atergar-till-aggressiv-expansionsfas\/a\/mailto:redaktion@omni.se\" class=\"ArticleActions_contactLink__W2F1M\" rel=\"nofollow noopener\" target=\"_blank\">Kontakta redaktionen<\/a><\/p>\n","protected":false},"excerpt":{"rendered":"McDonald\u2019s har \u00f6ppnat sin 200:e restaurang i Sverige, bel\u00e4gen i Mall of Scandinavia. Det markerar en \u00e5terg\u00e5ng till&hellip;\n","protected":false},"author":2,"featured_media":93269,"comment_status":"","ping_status":"","sticky":false,"template":"","format":"standard","meta":{"footnotes":""},"categories":[65],"tags":[72,70,71,3550,409,1713,34,31,33,32,30],"class_list":{"0":"post-93268","1":"post","2":"type-post","3":"status-publish","4":"format-standard","5":"has-post-thumbnail","7":"category-ekonomi","8":"tag-business","9":"tag-economy","10":"tag-ekonomi","11":"tag-hotell-restaurang","12":"tag-mat-dryck","13":"tag-mcdonalds","14":"tag-se","15":"tag-svenska","16":"tag-sverige","17":"tag-sweden","18":"tag-swedish"},"share_on_mastodon":{"url":"https:\/\/pubeurope.com\/@se\/115636521084704464","error":""},"_links":{"self":[{"href":"https:\/\/www.europesays.com\/se\/wp-json\/wp\/v2\/posts\/93268","targetHints":{"allow":["GET"]}}],"collection":[{"href":"https:\/\/www.europesays.com\/se\/wp-json\/wp\/v2\/posts"}],"about":[{"href":"https:\/\/www.europesays.com\/se\/wp-json\/wp\/v2\/types\/post"}],"author":[{"embeddable":true,"href":"https:\/\/www.europesays.com\/se\/wp-json\/wp\/v2\/users\/2"}],"replies":[{"embeddable":true,"href":"https:\/\/www.europesays.com\/se\/wp-json\/wp\/v2\/comments?post=93268"}],"version-history":[{"count":0,"href":"https:\/\/www.europesays.com\/se\/wp-json\/wp\/v2\/posts\/93268\/revisions"}],"wp:featuredmedia":[{"embeddable":true,"href":"https:\/\/www.europesays.com\/se\/wp-json\/wp\/v2\/media\/93269"}],"wp:attachment":[{"href":"https:\/\/www.europesays.com\/se\/wp-json\/wp\/v2\/media?parent=93268"}],"wp:term":[{"taxonomy":"category","embeddable":true,"href":"https:\/\/www.europesays.com\/se\/wp-json\/wp\/v2\/categories?post=93268"},{"taxonomy":"post_tag","embeddable":true,"href":"https:\/\/www.europesays.com\/se\/wp-json\/wp\/v2\/tags?post=93268"}],"curies":[{"name":"wp","href":"https:\/\/api.w.org\/{rel}","templated":true}]}}