{"id":93270,"date":"2025-11-30T03:29:11","date_gmt":"2025-11-30T03:29:11","guid":{"rendered":"https:\/\/www.europesays.com\/se\/93270\/"},"modified":"2025-11-30T03:29:11","modified_gmt":"2025-11-30T03:29:11","slug":"storseger-mot-kuba-handbollslandslaget","status":"publish","type":"post","link":"https:\/\/www.europesays.com\/se\/93270\/","title":{"rendered":"Storseger mot Kuba &#8211; Handbollslandslaget"},"content":{"rendered":"<p><strong>Sverige hade inga som helst problem med att besegra Kuba p\u00e5 l\u00f6rdagskv\u00e4llen. De bl\u00e5gula spelarna var fullst\u00e4ndigt \u00f6verl\u00e4gsna p\u00e5 plan och vann med 29 bollars marginal. 17\u201346 (9\u201325) skrevs slutresultatet i Stuttgart.<br \/>\u2013 Vi fick kontra och springa mycket, kommenterade femm\u00e5lsskytten Thea Kylberg.\u00a0<\/strong><\/p>\n<p>I och med kv\u00e4llens vinst \u00e4r Sverige ocks\u00e5 klart f\u00f6r avancemang till huvudrundan i Dortmund. Den tredje och sista gruppspelsmatchen i Stuttgart spelas p\u00e5 m\u00e5ndag kv\u00e4ll klockan 20.30 d\u00e5 Brasilien st\u00e5r f\u00f6r motst\u00e5ndet.<\/p>\n<p>L\u00f6rdagens m\u00f6te mellan Sverige och Kuba var en mycket ensidig historia. Sverige var \u00f6verl\u00e4gsna sina motst\u00e5ndare fysiskt, tekniskt och taktiskt. Slutresultatet 17\u201346 (9\u201325) talade sitt tydliga spr\u00e5k.<\/p>\n<p>\u2013 Jag \u00e4r mest n\u00f6jd med v\u00e5rt t\u00e5lamod idag. Men man ska komma ih\u00e5g att Kuba som motst\u00e5ndarlag inte \u00e4r n\u00e5gon v\u00e4rdem\u00e4tare f\u00f6r oss, sade f\u00f6rbundskapten <strong>Tomas Axn\u00e9r<\/strong>.<\/p>\n<p>Den bl\u00e5gula kassen vaktades fr\u00e5n start till slut av <strong>Filippa Id\u00e9hn.<\/strong> Matchen igenom fick hon bra hj\u00e4lp av sitt f\u00f6rsvar.<\/p>\n<p>\u2013 De spelade lite lustigt men gick h\u00e5rt i sina dueller. Vissa g\u00e5nger p\u00e5minde det mer om rugby \u00e4n om handboll. \u00d6verlag var det en godk\u00e4nd insats av oss idag, kommenterade Id\u00e9hn efter slutsignal.<\/p>\n<p>B\u00e4sta svenska m\u00e5lskytt blev kontringsesset <strong>Clara Lerby<\/strong> med elva fulltr\u00e4ffar. <strong>Tyra Axn\u00e9r<\/strong> noterades f\u00f6r \u00e5tta m\u00e5l, varav flera i omst\u00e4llningsfasen.<\/p>\n<p>Femm\u00e5lsskytten <strong>Thea Kylberg<\/strong> gjorde emellertid sina f\u00f6rsta m\u00e4sterskapsm\u00e5l i karri\u00e4ren.<\/p>\n<p>\u2013 Det var roligt att spela idag. Vi fick kontra och springa mycket. Det kan vara lite halvklurigt att m\u00f6ta s\u00e5dana h\u00e4r motst\u00e5ndarlag men det var en bra insats av oss, kommenterade Kylberg som fortsatte:<\/p>\n<p>\u2013 Det var sjukt kul att g\u00f6ra mina f\u00f6rsta m\u00e4sterskapsm\u00e5l. Nu ska jag bara njuta av \u00f6gonblicket, sade Kylberg.<\/p>\n<p><strong>KUBA\u2013SVERIGE 17\u201346<\/strong><strong>\u00a0(9\u201325)<\/strong><\/p>\n<p><strong>Kuba: <\/strong>Loriana Delgado 5, Gladys Gonzalez 3, Angela Garcia 3, Dianny Romero 2, Jennifer Abreu 2, Yarumy Chirino, Melissa Lezcano.<br \/><strong>Sverige:\u00a0<\/strong>Clara Lerby 11, Tyra Axn\u00e9r 8, Elin Hansson 6, Mathilda Lundstr\u00f6m 5, Thea Kylberg 5, Nathalie Hagman 3, Kristin Thorleifsd\u00f3ttir 2, Olivia L\u00f6fqvist 2, Jamina Roberts 2, Nina Koppang, Vilma Matthijs Holmberg.<br \/><b>M\u00e5lutveckling: <\/b>5 min: 1\u20133, 10 min: 2\u20139, 15 min: 4\u201313, 20 min: 6\u201317, 25 min: 9\u201319, 30 min: 9\u201325, 35 min: 12\u201328, 40 min: 14\u201332, 45 min: 15\u201334, 50 min: 15\u201337, 55 min: 17\u201341, 60 min: 17\u201346.<br \/><strong>Utvisningar, Kuba:<\/strong> 2 x 2 min. <strong>Sverige<\/strong><b>:<\/b> 6 x 2 min.<br \/><strong>Domare: <\/strong>Michal Fabryczny &amp; Jakub Rawicki, Polen<br \/><strong>Publik: <\/strong>5 527 (Porsche Arena, Stuttgart).<\/p>\n<p>VM 2025<\/p>\n<p><strong>Datum:<\/strong>\u00a026 november\u201314 december<br \/><strong>Spelorter:<\/strong>\u00a0Trier, Stuttgart, Dortmund (Tyskland), \u2019s-Hertogenbosch, Rotterdam (Nederl\u00e4nderna)<br \/><strong>Antal lag:<\/strong>\u00a032<\/p>\n<p><strong>Grupp A (Rotterdam):<\/strong>\u00a0Danmark, Rum\u00e4nien, Japan, Kroatien<br \/><strong>Grupp B (\u2019s-Hertogenbosch):<\/strong>\u00a0Ungern, Schweiz, Senegal, Iran<br \/><strong>Grupp C (Stuttgart):<\/strong>\u00a0Tyskland, Serbien, Island, Uruguay<br \/><strong>Grupp D (Trier):<\/strong>\u00a0Montenegro, Spanien, F\u00e4r\u00f6arna, Paraguay<br \/><strong>Grupp E (Rotterdam):<\/strong>\u00a0Nederl\u00e4nderna, \u00d6sterrike, Argentina, Egypten<br \/><strong>Grupp F (\u2019s-Hertogenbosch):<\/strong>\u00a0Frankrike, Polen, Tunisien, Kina<br \/><strong>Grupp G (Stuttgart):<\/strong>\u00a0<strong>Sverige<\/strong>, Brasilien, Tjeckien, Kuba<br \/><strong>Grupp H (Trier):<\/strong>\u00a0Norge, Angola, Sydkorea, Kazakstan<br \/>\u2022 De tre b\u00e4sta fr\u00e5n varje grupp g\u00e5r vidare till huvudrundan<br \/>\u2022 Grupperna A\/B respektive E\/F korsas i Rotterdam, C\/D respektive G\/H i Dortmund<br \/>\u2022 De tv\u00e5 b\u00e4sta lagen fr\u00e5n varje grupp i huvudrundan g\u00e5r till kvartsfinal i Rotterdam eller Dortmund<br \/>\u2022 Semifinaler, bronsmatch och final spelas i Rotterdam.<br \/><strong><a href=\"https:\/\/handbollslandslaget.se\/dam\/vm2025\" rel=\"nofollow noopener\" target=\"_blank\">Alla matcher och grupper i VM<\/a><\/strong><\/p>\n<p>SVERIGES GRUPP<\/p>\n<tr class=\"vc-th\">\n<td class=\"vc_table_cell\"><strong>Porsche Arena, Stuttgart<\/strong><\/td>\n<td class=\"vc_table_cell\"\/>\n<\/tr>\n<tr>\n<td class=\"vc_table_cell\"><strong>27 november:<\/strong><\/td>\n<td class=\"vc_table_cell\"\/>\n<\/tr>\n<tr>\n<td class=\"vc_table_cell\">Brasilien\u2013Kuba<\/td>\n<td class=\"vc_table_cell\">41\u201320<\/td>\n<\/tr>\n<tr>\n<td class=\"vc_table_cell\">Sverige\u2013Tjeckien<\/td>\n<td class=\"vc_table_cell\">31\u201323<\/td>\n<\/tr>\n<tr>\n<td class=\"vc_table_cell\"><strong>29 november:<\/strong><\/td>\n<td class=\"vc_table_cell\"\/>\n<\/tr>\n<tr>\n<td class=\"vc_table_cell\">Brasilien\u2013Tjeckien<\/td>\n<td class=\"vc_table_cell\">28\u201322<\/td>\n<\/tr>\n<tr>\n<td class=\"vc_table_cell\">Kuba\u2013Sverige<\/td>\n<td class=\"vc_table_cell\">17\u201346<\/td>\n<\/tr>\n<tr>\n<td class=\"vc_table_cell\"><strong>1 december:<\/strong><\/td>\n<td class=\"vc_table_cell\"\/>\n<\/tr>\n<tr>\n<td class=\"vc_table_cell\">Tjeckien\u2013Kuba<\/td>\n<td class=\"vc_table_cell\">18.00<\/td>\n<\/tr>\n<tr>\n<td class=\"vc_table_cell\">Sverige\u2013Brasilien<\/td>\n<td class=\"vc_table_cell\">20.30<\/td>\n<\/tr>\n<tr class=\"vc-th\">\n<td class=\"vc_table_cell\"><strong>Tabell<\/strong><\/td>\n<td class=\"vc_table_cell\"\/>\n<td class=\"vc_table_cell\"\/>\n<td class=\"vc_table_cell\"\/>\n<td class=\"vc_table_cell\"\/>\n<td class=\"vc_table_cell\"\/>\n<td class=\"vc_table_cell\"\/>\n<\/tr>\n<tr>\n<td class=\"vc_table_cell\">Sverige \u00a0<\/td>\n<td class=\"vc_table_cell\">2 \u00a0<\/td>\n<td class=\"vc_table_cell\">2 \u00a0<\/td>\n<td class=\"vc_table_cell\">0\u00a0\u00a0<\/td>\n<td class=\"vc_table_cell\">0\u00a0\u00a0<\/td>\n<td class=\"vc_table_cell\">+37 \u00a0<\/td>\n<td class=\"vc_table_cell\">4<\/td>\n<\/tr>\n<tr>\n<td class=\"vc_table_cell\">Brasilien<\/td>\n<td class=\"vc_table_cell\">2<\/td>\n<td class=\"vc_table_cell\">2<\/td>\n<td class=\"vc_table_cell\">0<\/td>\n<td class=\"vc_table_cell\">0<\/td>\n<td class=\"vc_table_cell\">+27<\/td>\n<td class=\"vc_table_cell\">4<\/td>\n<\/tr>\n<tr>\n<td class=\"vc_table_cell vc_cell_border_bottom\">Tjeckien<\/td>\n<td class=\"vc_table_cell vc_cell_border_bottom\">2<\/td>\n<td class=\"vc_table_cell vc_cell_border_bottom\">0<\/td>\n<td class=\"vc_table_cell vc_cell_border_bottom\">0<\/td>\n<td class=\"vc_table_cell vc_cell_border_bottom\">2<\/td>\n<td class=\"vc_table_cell vc_cell_border_bottom\">\u201314<\/td>\n<td class=\"vc_table_cell vc_cell_border_bottom\">0<\/td>\n<\/tr>\n<tr>\n<td class=\"vc_table_cell\">Kuba<\/td>\n<td class=\"vc_table_cell\">2<\/td>\n<td class=\"vc_table_cell\">0<\/td>\n<td class=\"vc_table_cell\">0<\/td>\n<td class=\"vc_table_cell\">2<\/td>\n<td class=\"vc_table_cell\">\u201321<\/td>\n<td class=\"vc_table_cell\">0<\/td>\n<\/tr>\n<p><strong><a href=\"https:\/\/handbollslandslaget.se\/dam\/vm2025\" rel=\"nofollow noopener\" target=\"_blank\">Alla matcher och grupper i VM<\/a><\/strong><\/p>\n<p>Text: Olof Thyrelius Ericson<br \/>Foto: Bildbyr\u00e5n<\/p>\n","protected":false},"excerpt":{"rendered":"Sverige hade inga som helst problem med att besegra Kuba p\u00e5 l\u00f6rdagskv\u00e4llen. De bl\u00e5gula spelarna var fullst\u00e4ndigt \u00f6verl\u00e4gsna&hellip;\n","protected":false},"author":2,"featured_media":93271,"comment_status":"","ping_status":"","sticky":false,"template":"","format":"standard","meta":{"footnotes":""},"categories":[5],"tags":[22,23,5469,26,27,10964,17,21,24,25,28,29,15,16,18,34,31,33,32,30,19,20,10965],"class_list":{"0":"post-93270","1":"post","2":"type-post","3":"status-publish","4":"format-standard","5":"has-post-thumbnail","7":"category-rubriker","8":"tag-breaking-news","9":"tag-breakingnews","10":"tag-clara-lerby","11":"tag-featured-news","12":"tag-featurednews","13":"tag-filippa-idehn","14":"tag-headlines","15":"tag-huvudnyheter","16":"tag-latest-news","17":"tag-latestnews","18":"tag-main-news","19":"tag-mainnews","20":"tag-news","21":"tag-nyheter","22":"tag-rubriker","23":"tag-se","24":"tag-svenska","25":"tag-sverige","26":"tag-sweden","27":"tag-swedish","28":"tag-top-stories","29":"tag-topstories","30":"tag-tyra-axner"},"share_on_mastodon":{"url":"https:\/\/pubeurope.com\/@se\/115636532915889988","error":""},"_links":{"self":[{"href":"https:\/\/www.europesays.com\/se\/wp-json\/wp\/v2\/posts\/93270","targetHints":{"allow":["GET"]}}],"collection":[{"href":"https:\/\/www.europesays.com\/se\/wp-json\/wp\/v2\/posts"}],"about":[{"href":"https:\/\/www.europesays.com\/se\/wp-json\/wp\/v2\/types\/post"}],"author":[{"embeddable":true,"href":"https:\/\/www.europesays.com\/se\/wp-json\/wp\/v2\/users\/2"}],"replies":[{"embeddable":true,"href":"https:\/\/www.europesays.com\/se\/wp-json\/wp\/v2\/comments?post=93270"}],"version-history":[{"count":0,"href":"https:\/\/www.europesays.com\/se\/wp-json\/wp\/v2\/posts\/93270\/revisions"}],"wp:featuredmedia":[{"embeddable":true,"href":"https:\/\/www.europesays.com\/se\/wp-json\/wp\/v2\/media\/93271"}],"wp:attachment":[{"href":"https:\/\/www.europesays.com\/se\/wp-json\/wp\/v2\/media?parent=93270"}],"wp:term":[{"taxonomy":"category","embeddable":true,"href":"https:\/\/www.europesays.com\/se\/wp-json\/wp\/v2\/categories?post=93270"},{"taxonomy":"post_tag","embeddable":true,"href":"https:\/\/www.europesays.com\/se\/wp-json\/wp\/v2\/tags?post=93270"}],"curies":[{"name":"wp","href":"https:\/\/api.w.org\/{rel}","templated":true}]}}