{"id":93279,"date":"2025-11-30T03:42:22","date_gmt":"2025-11-30T03:42:22","guid":{"rendered":"https:\/\/www.europesays.com\/se\/93279\/"},"modified":"2025-11-30T03:42:22","modified_gmt":"2025-11-30T03:42:22","slug":"klipplage-kronofogden-saljer-bitcoin-billigare","status":"publish","type":"post","link":"https:\/\/www.europesays.com\/se\/93279\/","title":{"rendered":"Klippl\u00e4ge? Kronofogden s\u00e4ljer bitcoin billigare"},"content":{"rendered":"<p>Kronofogden auktionerar ut 12,77 bitcoin till ett startpris p\u00e5 9 miljoner kronor, samtidigt som det nuvarande v\u00e4rdet p\u00e5 det samlade beslaget av kryptovalutan som myndigheten gjort uppg\u00e5r till omkring 10,6 miljoner kronor, ber\u00e4ttar <a href=\"https:\/\/www.aftonbladet.se\/minekonomi\/a\/K8BR8E\/rekordauktion-nar-kronofogden-saljer-beslagtagna-bitcoin?utm_medium=rss\" rel=\"nofollow noopener\" target=\"_blank\">Aftonbladet<\/a>.<\/p>\n<p>Bitcoinbeslaget som f\u00f6rhoppningsvis f\u00e5r ny \u00e4gare p\u00e5 KFM-auktionen kan bli ett riktigt kap, men det g\u00e5r f\u00f6rst\u00e5s inte att bortse fr\u00e5n riskerna som beskrivs som stora.<\/p>\n<p>Bitcoin-portf\u00f6ljen \u00e4r den hittills st\u00f6rsta<\/p>\n<p>\u201dV\u00e4rlden f\u00f6r\u00e4ndras och vi med den\u201d, s\u00e4ger <strong>Johannes Paulson<\/strong>, nationell samordnare mot brott p\u00e5 Kronofogden, till tidningen.<\/p>\n<p>Det har h\u00e4nt tidigare att Kronofogden auktionerat ut bitcoin och \u00e4ven andra kryptovalutor. Det som skiljer denna aktuella auktionen fr\u00e5n tidigare \u00e4r storleken p\u00e5 de bitcoin som nu ropas ut.<\/p>\n<p>\u201dB\u00e5de i v\u00e4rde och i antalet bitcoin \u00e4r det h\u00e4r den st\u00f6rsta auktionen vi har haft. Annars brukar vi dela upp det i mindre poster och s\u00e4lja\u201d, s\u00e4ger Johannes Paulson.<\/p>\n<p>Beslaget har gjorts av polisen och Kronofogden har sedan utm\u00e4tt det, f\u00f6rklarar han.<\/p>\n<p>Det \u00e4r inte ovanligt att skadest\u00e5nd inte kan betalas men att det d\u00e5 <a href=\"https:\/\/www.dagensps.se\/bors-finans\/fintech\/kryptovalutor\/kronofogden-beslagtog-73-bitcoin-saljs-pa-auktion\/\" rel=\"nofollow noopener\" target=\"_blank\">finns tillg\u00e5ngar som myndigheten kan beslagta f\u00f6r att finansiera skulden till staten<\/a>.<\/p>\n","protected":false},"excerpt":{"rendered":"Kronofogden auktionerar ut 12,77 bitcoin till ett startpris p\u00e5 9 miljoner kronor, samtidigt som det nuvarande v\u00e4rdet p\u00e5&hellip;\n","protected":false},"author":2,"featured_media":93280,"comment_status":"","ping_status":"","sticky":false,"template":"","format":"standard","meta":{"footnotes":""},"categories":[65],"tags":[9213,10966,815,72,70,71,1274,10967,34,31,33,32,30,10968],"class_list":{"0":"post-93279","1":"post","2":"type-post","3":"status-publish","4":"format-standard","5":"has-post-thumbnail","7":"category-ekonomi","8":"tag-auktion","9":"tag-beslag","10":"tag-bitcoin","11":"tag-business","12":"tag-economy","13":"tag-ekonomi","14":"tag-polisen","15":"tag-rekord","16":"tag-se","17":"tag-svenska","18":"tag-sverige","19":"tag-sweden","20":"tag-swedish","21":"tag-tillgangar"},"share_on_mastodon":{"url":"https:\/\/pubeurope.com\/@se\/115636583977357490","error":""},"_links":{"self":[{"href":"https:\/\/www.europesays.com\/se\/wp-json\/wp\/v2\/posts\/93279","targetHints":{"allow":["GET"]}}],"collection":[{"href":"https:\/\/www.europesays.com\/se\/wp-json\/wp\/v2\/posts"}],"about":[{"href":"https:\/\/www.europesays.com\/se\/wp-json\/wp\/v2\/types\/post"}],"author":[{"embeddable":true,"href":"https:\/\/www.europesays.com\/se\/wp-json\/wp\/v2\/users\/2"}],"replies":[{"embeddable":true,"href":"https:\/\/www.europesays.com\/se\/wp-json\/wp\/v2\/comments?post=93279"}],"version-history":[{"count":0,"href":"https:\/\/www.europesays.com\/se\/wp-json\/wp\/v2\/posts\/93279\/revisions"}],"wp:featuredmedia":[{"embeddable":true,"href":"https:\/\/www.europesays.com\/se\/wp-json\/wp\/v2\/media\/93280"}],"wp:attachment":[{"href":"https:\/\/www.europesays.com\/se\/wp-json\/wp\/v2\/media?parent=93279"}],"wp:term":[{"taxonomy":"category","embeddable":true,"href":"https:\/\/www.europesays.com\/se\/wp-json\/wp\/v2\/categories?post=93279"},{"taxonomy":"post_tag","embeddable":true,"href":"https:\/\/www.europesays.com\/se\/wp-json\/wp\/v2\/tags?post=93279"}],"curies":[{"name":"wp","href":"https:\/\/api.w.org\/{rel}","templated":true}]}}