{"id":93300,"date":"2025-11-30T04:42:07","date_gmt":"2025-11-30T04:42:07","guid":{"rendered":"https:\/\/www.europesays.com\/se\/93300\/"},"modified":"2025-11-30T04:42:07","modified_gmt":"2025-11-30T04:42:07","slug":"tuff-influensasasong-vantar-ilsket-virus-harjar-i-ar","status":"publish","type":"post","link":"https:\/\/www.europesays.com\/se\/93300\/","title":{"rendered":"Tuff influensas\u00e4song v\u00e4ntar \u2013 ilsket virus h\u00e4rjar i \u00e5r"},"content":{"rendered":"<p>Hittills har fokus p\u00e5 vaccineringen inf\u00f6r s\u00e4songens influensa legat p\u00e5 riskgrupper och inv\u00e5nare som \u00e4r 65 \u00e5r och \u00e4ldre, men fr\u00e5n med 1 december blir det m\u00f6jligt f\u00f6r alla \u00f6ver 18 \u00e5r att boka vaccinering. <\/p>\n<p>Snabb \u00f6kning av fall<\/p>\n<p>\u00c4nnu har inte influensav\u00e5gen n\u00e5tt V\u00e4sternorrland men smittskyddsl\u00e4kare Marie Temp\u00e9 f\u00f6rutsp\u00e5r att den snart kommer att sl\u00e5 till.<\/p>\n<p>\u2013 Vi v\u00e4ntar oss fallen kommer att \u00f6ka snabbt \u00e4ven h\u00e4r i V\u00e4sternorrland, s\u00e4ger hon. <\/p>\n<p>Elakare virus<\/p>\n<p>Dessutom tycks det vara en ilsknare variant av virus den h\u00e4r g\u00e5ngen. <br \/>\u2013 Det \u00e4r en typ av virus som drabbar \u00e4ldre h\u00e5rdare, s\u00e4ger Maria Temp\u00e9, smittskyddsl\u00e4kare p\u00e5 Region V\u00e4sternorrland. <\/p>\n<p>Rekommendationen \u00e4r att alla som tillh\u00f6r riskgrupper, b\u00e5de barn och vuxna ska vaccinera sig. Det g\u00e4ller \u00e4ven gravida samt personer som bor i samma hush\u00e5ll som m\u00e4nniskor med nedsatt immunf\u00f6rsvar. <\/p>\n","protected":false},"excerpt":{"rendered":"Hittills har fokus p\u00e5 vaccineringen inf\u00f6r s\u00e4songens influensa legat p\u00e5 riskgrupper och inv\u00e5nare som \u00e4r 65 \u00e5r och&hellip;\n","protected":false},"author":2,"featured_media":93301,"comment_status":"","ping_status":"","sticky":false,"template":"","format":"standard","meta":{"footnotes":""},"categories":[69],"tags":[113,112,34,31,33,32,30],"class_list":{"0":"post-93300","1":"post","2":"type-post","3":"status-publish","4":"format-standard","5":"has-post-thumbnail","7":"category-halsa","8":"tag-halsa","9":"tag-health","10":"tag-se","11":"tag-svenska","12":"tag-sverige","13":"tag-sweden","14":"tag-swedish"},"share_on_mastodon":{"url":"https:\/\/pubeurope.com\/@se\/115636819874029707","error":""},"_links":{"self":[{"href":"https:\/\/www.europesays.com\/se\/wp-json\/wp\/v2\/posts\/93300","targetHints":{"allow":["GET"]}}],"collection":[{"href":"https:\/\/www.europesays.com\/se\/wp-json\/wp\/v2\/posts"}],"about":[{"href":"https:\/\/www.europesays.com\/se\/wp-json\/wp\/v2\/types\/post"}],"author":[{"embeddable":true,"href":"https:\/\/www.europesays.com\/se\/wp-json\/wp\/v2\/users\/2"}],"replies":[{"embeddable":true,"href":"https:\/\/www.europesays.com\/se\/wp-json\/wp\/v2\/comments?post=93300"}],"version-history":[{"count":0,"href":"https:\/\/www.europesays.com\/se\/wp-json\/wp\/v2\/posts\/93300\/revisions"}],"wp:featuredmedia":[{"embeddable":true,"href":"https:\/\/www.europesays.com\/se\/wp-json\/wp\/v2\/media\/93301"}],"wp:attachment":[{"href":"https:\/\/www.europesays.com\/se\/wp-json\/wp\/v2\/media?parent=93300"}],"wp:term":[{"taxonomy":"category","embeddable":true,"href":"https:\/\/www.europesays.com\/se\/wp-json\/wp\/v2\/categories?post=93300"},{"taxonomy":"post_tag","embeddable":true,"href":"https:\/\/www.europesays.com\/se\/wp-json\/wp\/v2\/tags?post=93300"}],"curies":[{"name":"wp","href":"https:\/\/api.w.org\/{rel}","templated":true}]}}