{"id":93342,"date":"2025-11-30T06:06:29","date_gmt":"2025-11-30T06:06:29","guid":{"rendered":"https:\/\/www.europesays.com\/se\/93342\/"},"modified":"2025-11-30T06:06:29","modified_gmt":"2025-11-30T06:06:29","slug":"influensasasongen-ar-har-smittspridningen-kommer-att-oka-markant","status":"publish","type":"post","link":"https:\/\/www.europesays.com\/se\/93342\/","title":{"rendered":"Influensas\u00e4songen \u00e4r h\u00e4r \u2013 &#8221;Smittspridningen kommer att \u00f6ka markant&#8221;"},"content":{"rendered":"<p>SVERIGE<\/p>\n<p><strong>\u00c5rets influensaepidemi har nu officiellt startat i Sverige, vilket \u00e4r ovanligt tidigt j\u00e4mf\u00f6rt med tidigare \u00e5r. Folkh\u00e4lsomyndigheten, FHM, uppmanar nu alla i riskgrupper att vaccinera sig snarast f\u00f6r att undvika allvarlig sjukdom och f\u00f6r att avlasta v\u00e5rden.<\/strong><\/p>\n<p>Under vecka 47 bekr\u00e4ftades starten av epidemin, d\u00e5 antalet rapporterade fall mer \u00e4n f\u00f6rdubblades j\u00e4mf\u00f6rt med veckan innan. \u00c4ven i \u00f6vriga Europa syns en tidig spridning. Enligt FHM \u00e4r det just nu influensa A(H3N2) som dominerar, en variant som s\u00e4rskilt brukar drabba \u00e4ldre \u00e5ldersgrupper.<\/p>\n<p>\u2013 Vi v\u00e4ntar oss att smittspridningen kommer att \u00f6ka markant kommande veckor. Influensas\u00e4songen kan bli tuff, s\u00e4rskilt f\u00f6r riskgrupper, s\u00e4ger epidemiologen Annasara Carnahan.<\/p>\n<p>Regeringen uppmanar till handling<\/p>\n<p>Socialminister Jakob Forssmed (KD) och \u00e4ldre- och socialf\u00f6rs\u00e4kringsminister Anna Tenje (M) h\u00f6ll i slutet av veckan en pressbriefing tillsammans med FHM f\u00f6r att ge en uppdatering om l\u00e4get.<\/p>\n<p>\u2013 Vaccination utg\u00f6r alltj\u00e4mt det b\u00e4sta skyddet mot allvarlig sjukdom och d\u00f6d. F\u00f6r de som tillh\u00f6r riskgrupp \u00e4r det h\u00f6g tid att vaccinera sig f\u00f6r att minska risken att bli allvarligt sjuk, s\u00e4ger socialminister Jakob Forssmed (KD).<\/p>\n<p>Statistiken visar dock att vaccinationst\u00e4ckningen bland \u00e4ldre som har hemtj\u00e4nst eller bor p\u00e5 s\u00e4rskilt boende \u00e4r l\u00e4gre \u00e4n bland \u00e4ldre i stort. Regeringen uppmanar d\u00e4rf\u00f6r kommuner och regioner att aktivt hj\u00e4lpa dessa grupper att f\u00e5 m\u00f6jlighet att vaccinera sig.<\/p>\n<p><strong>L\u00c4S MER:<\/strong> <a href=\"https:\/\/www.oskarshamns-nytt.se\/myndighet-riktar-viktig-uppmaning-till-alla-med-hemtjanst\/\" rel=\"nofollow noopener\" target=\"_blank\">Myndighet riktar viktig uppmaning till alla med hemtj\u00e4nst<\/a><\/p>\n<p>Viktiga rekommendationer<\/p>\n<p>Folkh\u00e4lsomyndigheten rekommenderar influensavaccination till:<\/p>\n<ul class=\"wp-block-list\">\n<li>Alla som \u00e4r <strong>65 \u00e5r och \u00e4ldre<\/strong>.<\/li>\n<li><strong>Barn och vuxna<\/strong> i medicinsk riskgrupp.<\/li>\n<li><strong>Gravida<\/strong> samt hush\u00e5llskontakter till personer med kraftigt nedsatt immunf\u00f6rsvar.<\/li>\n<li><strong>V\u00e5rd- och omsorgspersonal<\/strong> som arbetar n\u00e4ra riskgrupper.<\/li>\n<\/ul>\n<p>Enligt myndigheten \u00e4r det dessutom viktigt att den som k\u00e4nner sig sjuk stannar hemma, och undviker att tr\u00e4ffa personer i riskgrupp om man har f\u00f6rkylningssymtom. M\u00e5nga regioner erbjuder ocks\u00e5 vaccin till personer som inte tillh\u00f6r en riskgrupp. Information om vad som g\u00e4ller i respektive region finns p\u00e5 <a href=\"https:\/\/www.1177.se\/\" target=\"_blank\" rel=\"noreferrer noopener nofollow\">1177.se<\/a>.<\/p>\n<p>         \t\t<img loading=\"lazy\" decoding=\"async\" src=\"https:\/\/www.europesays.com\/se\/wp-content\/uploads\/2025\/11\/1764482789_308_ON365-700x700-1.jpg\" width=\"100\" height=\"100\" alt=\"Redaktionen\" itemprop=\"image\"\/>\t\t\t\t<\/p>\n","protected":false},"excerpt":{"rendered":"SVERIGE \u00c5rets influensaepidemi har nu officiellt startat i Sverige, vilket \u00e4r ovanligt tidigt j\u00e4mf\u00f6rt med tidigare \u00e5r. Folkh\u00e4lsomyndigheten,&hellip;\n","protected":false},"author":2,"featured_media":93343,"comment_status":"","ping_status":"","sticky":false,"template":"","format":"standard","meta":{"footnotes":""},"categories":[5],"tags":[22,23,26,27,17,21,24,25,28,29,15,16,18,34,31,33,32,30,19,20],"class_list":{"0":"post-93342","1":"post","2":"type-post","3":"status-publish","4":"format-standard","5":"has-post-thumbnail","7":"category-rubriker","8":"tag-breaking-news","9":"tag-breakingnews","10":"tag-featured-news","11":"tag-featurednews","12":"tag-headlines","13":"tag-huvudnyheter","14":"tag-latest-news","15":"tag-latestnews","16":"tag-main-news","17":"tag-mainnews","18":"tag-news","19":"tag-nyheter","20":"tag-rubriker","21":"tag-se","22":"tag-svenska","23":"tag-sverige","24":"tag-sweden","25":"tag-swedish","26":"tag-top-stories","27":"tag-topstories"},"share_on_mastodon":{"url":"https:\/\/pubeurope.com\/@se\/115637150382915829","error":""},"_links":{"self":[{"href":"https:\/\/www.europesays.com\/se\/wp-json\/wp\/v2\/posts\/93342","targetHints":{"allow":["GET"]}}],"collection":[{"href":"https:\/\/www.europesays.com\/se\/wp-json\/wp\/v2\/posts"}],"about":[{"href":"https:\/\/www.europesays.com\/se\/wp-json\/wp\/v2\/types\/post"}],"author":[{"embeddable":true,"href":"https:\/\/www.europesays.com\/se\/wp-json\/wp\/v2\/users\/2"}],"replies":[{"embeddable":true,"href":"https:\/\/www.europesays.com\/se\/wp-json\/wp\/v2\/comments?post=93342"}],"version-history":[{"count":0,"href":"https:\/\/www.europesays.com\/se\/wp-json\/wp\/v2\/posts\/93342\/revisions"}],"wp:featuredmedia":[{"embeddable":true,"href":"https:\/\/www.europesays.com\/se\/wp-json\/wp\/v2\/media\/93343"}],"wp:attachment":[{"href":"https:\/\/www.europesays.com\/se\/wp-json\/wp\/v2\/media?parent=93342"}],"wp:term":[{"taxonomy":"category","embeddable":true,"href":"https:\/\/www.europesays.com\/se\/wp-json\/wp\/v2\/categories?post=93342"},{"taxonomy":"post_tag","embeddable":true,"href":"https:\/\/www.europesays.com\/se\/wp-json\/wp\/v2\/tags?post=93342"}],"curies":[{"name":"wp","href":"https:\/\/api.w.org\/{rel}","templated":true}]}}