{"id":93350,"date":"2025-11-30T06:14:32","date_gmt":"2025-11-30T06:14:32","guid":{"rendered":"https:\/\/www.europesays.com\/se\/93350\/"},"modified":"2025-11-30T06:14:32","modified_gmt":"2025-11-30T06:14:32","slug":"har-ar-nya-byggreglerna-och-lagarna-du-maste-ha-koll-pa","status":"publish","type":"post","link":"https:\/\/www.europesays.com\/se\/93350\/","title":{"rendered":"H\u00e4r \u00e4r nya byggreglerna och lagarna du m\u00e5ste ha koll p\u00e5"},"content":{"rendered":"\n<p>&#13;<br \/>\n\t\t\t\t28:e november 2025, 13:35&#13;\n\t\t\t<\/p>\n<p><strong>Byggbranschen \u00e4r i st\u00e4ndig f\u00f6r\u00e4ndring och det g\u00e4ller att h\u00e4nga med i sv\u00e4ngarna. H\u00e4r \u00e4r de senaste lag- och regel\u00e4ndringarna du beh\u00f6ver ha stenkoll p\u00e5 som verksam i sektorn.<\/strong><\/p>\n<p>Den 1 december tr\u00e4dde nya regler i plan- och bygglagen i kraft. Det var bara en av flera viktiga regel- och lag\u00e4ndringar i \u00e5r.<\/p>\n<p>Vi har, med hj\u00e4lp av SBR Byggingenj\u00f6rerna, listat en hel rad viktiga f\u00f6r\u00e4ndringar man nu m\u00e5ste ha koll p\u00e5 som verksam i byggsektorn. Men ocks\u00e5 hur man navigerar bland dem.<\/p>\n<p><strong>Vad \u00e4r det viktigaste att ha koll p\u00e5 \u00f6vergripande som bolag kring de nya regel- och lag\u00e4ndringarna ?\u00a0<\/strong><\/p>\n<p>\u2013 Om man best\u00e4mmer sig f\u00f6r att anv\u00e4nda sig av Boverkets nya byggregler vid bygglovsans\u00f6kan, s\u00e5 kan man inte \u00e4ndra sig efter det. S\u00e5 vill man byta till BBR m\u00e5ste man s\u00f6ka ett nytt bygglov ist\u00e4llet. Det g\u00e4ller bara under \u00f6verg\u00e5ngsperioden som g\u00e4ller till och med 30 juni 2026, s\u00e4ger Carina Friberg, expert p\u00e5 byggregler hos SBR, till Branschaktuellt.<\/p>\n<p>En annan viktig aspekt att ta h\u00e4nsyn till \u00e4r kommunernas bed\u00f6mningar framgent i och med de nya reglerna.<\/p>\n<p>\u2013 Se till att hela organisationen ska vara fackm\u00e4ssig. Handlingarna ska vara fackm\u00e4ssiga. Kommunerna kommer att kontrollera detta mer i och med de nya byggreglerna.<\/p>\n<p><strong>Finns det n\u00e5gra oklarheter\/otydligheter att som kan skapa bekymmer?<\/strong><\/p>\n<p>\u2013 I dag \u00e4r det sv\u00e5rt att veta exakt vilka krav som de olika kommunerna kommer att st\u00e4lla p\u00e5 de s\u00f6kande, f\u00f6rutom kravet p\u00e5 att organisationen ska vara fackm\u00e4ssig. S\u00e5 troligen kommer kommunerna fokusera med p\u00e5 organisationen n\u00e4r man v\u00e4ljer att anv\u00e4nda sig av Boverkets nya byggregler.<\/p>\n<p>Dubbelkolla med kommunen<\/p>\n<p>N\u00e4r det g\u00e4ller de nya delarna i PBL finns ocks\u00e5 en risk att man som byggherre inte vet exakt vad som g\u00e4ller.<\/p>\n<p>\u2013 Det b\u00e4sta \u00e4r att alltid h\u00f6ra av sig till kommunen och dubbelkolla n\u00e4r man vill g\u00f6ra en \u00e5tg\u00e4rd.<\/p>\n<p><strong>Vad inneb\u00e4r plan- och bygglagen konkret f\u00f6r landets byggbolag?<\/strong><\/p>\n<p>\u2013 Att man, n\u00e4r lagen tr\u00e4tt i kraft, kan g\u00f6ra \u00e5tg\u00e4rder som tidigare inte gick att g\u00f6ra. Till exempel inreda vindar i bostadshus trots att det i detaljplanen finns ett vindsinredningsf\u00f6rbud.<\/p>\n<p>En annan f\u00f6r\u00e4ndring blir att det nu blir tydligare att skyltar och ljusanordningar \u00e4r byggnadsverk.<\/p>\n<p>Innovativa l\u00f6sningar kan ge merarbete<\/p>\n<p>Nya regler och lagar kan ocks\u00e5 inneb\u00e4ra nya risker f\u00f6r bolagen \u2013 och det \u00e4r inget undantag den h\u00e4r g\u00e5ngen. <\/p>\n<p>Inte minst om man vill eller har behovet av att t\u00e4nka lite utanf\u00f6r boxen<\/p>\n<p>\u2013 Man kan f\u00e5 lite mer arbete med att ta fram riskbed\u00f6mningar och pr\u00f6vningar n\u00e4r man v\u00e4ljer en ny innovativ l\u00f6sning, ist\u00e4llet f\u00f6r redan vedertagna l\u00f6sningar, s\u00e4ger Carina Friberg.<\/p>\n<p>Hon s\u00e4ger ocks\u00e5 att man kommer att beh\u00f6va g\u00f6ra fler unders\u00f6kningar kring vad som g\u00e4ller f\u00f6r just den \u00e5tg\u00e4rden man planerar att genomf\u00f6ra.<\/p>\n<p>\u2013 Det kan helt enkelt bli l\u00e4tt att det blir fel om man inte g\u00f6r en unders\u00f6kning innan man p\u00e5b\u00f6rjar \u00e5tg\u00e4rden.<\/p>\n<p><strong>Lista p\u00e5 viktiga byggregler och lagar<\/strong><\/p>\n<p>Plan- och bygglagen (PBL)<\/p>\n<ul class=\"wp-block-list\">\n<li>Lag\u00e4ndringen f\u00f6resl\u00e5s tr\u00e4da i kraft 1 december 2025.<\/li>\n<li>Kap. 9 ers\u00e4tts av ett helt nytt kapitel med en delvis ny struktur.<\/li>\n<li>Lovplikten f\u00f6r anl\u00e4ggningar flyttas fr\u00e5n Plan- och byggf\u00f6rordningen,<br \/>PBF, till PBL.<\/li>\n<li>Stor skillnad n\u00e4r F\u00f6rsvaret och MSB f\u00e5r en ny roll i handl\u00e4ggningen<br \/>och pr\u00f6vningen samt f\u00e5r \u00e4ven vetor\u00e4tt i vissa \u00e4renden.<\/li>\n<li>Det inf\u00f6rs definitioner i kap. 1 av termerna ekonomibyggnad,<br \/>fasad\u00e4ndring, komplementbostadshus och komplementbyggnad.<\/li>\n<li>Det tydligg\u00f6rs att skyltar och ljusanordningar \u00e4r byggnadsverk.<\/li>\n<li>De bygglovsbefriade \u00e5tg\u00e4rderna \u201dfriggebod\u201d och \u201dattefallshus\u201d tas bort<br \/>och ers\u00e4tts av bygglovsbefriad komplementbyggnad och<br \/>komplementbostadshus.<\/li>\n<li>Det g\u00f6rs f\u00f6ljd\u00e4ndringar i vissa andra lagar s\u00e5som milj\u00f6balken<br \/>(1998:808), lagen med s\u00e4rskilda best\u00e4mmelser om gaturenh\u00e5llning och<br \/>skyltning (1998:814) och lagen om f\u00e4rdigst\u00e4llandeskydd (2014:227).<\/li>\n<li>Inom vissa omr\u00e5den och vid vissa byggnader och anl\u00e4ggningar inf\u00f6rs<br \/>det en ut\u00f6kad lovplikt f\u00f6r vissa \u00e5tg\u00e4rder. Detta g\u00e4ller n\u00e4ra gr\u00e4ns,<br \/>j\u00e4rnv\u00e4g, totalf\u00f6rsvarets anl\u00e4ggningar och i s\u00e4rskilt v\u00e4rdefulla omr\u00e5den.<\/li>\n<li>M\u00f6jligheten till ett villkorsbesked tas bort.<\/li>\n<li>Om det i samband med en nybyggnad av ett enbostadshus ska g\u00f6ras en<br \/>s\u00e5dan lovfri ytterligare bostad som f\u00e5r strida mot detaljplan eller<br \/>omr\u00e5desbest\u00e4mmelser ska en ans\u00f6kan om lov f\u00f6r att inreda den<br \/>ytterligare bostaden g\u00f6ras samtidigt som bygglovet f\u00f6r nybyggnaden.<\/li>\n<li>\u00c4ven om en \u00e5tg\u00e4rd inte kr\u00e4ver bygglov, rivningslov eller marklov kan<br \/>den som ska g\u00f6ra \u00e5tg\u00e4rden ans\u00f6ka om ett frivilligt lov.<\/li>\n<\/ul>\n<p>Plan- och byggf\u00f6rordningen (PBF)<\/p>\n<ul class=\"wp-block-list\">\n<li>Kommer justeras utefter nya PBL<\/li>\n<\/ul>\n<p>Boverkets nya byggregler<\/p>\n<ul class=\"wp-block-list\">\n<li>Tr\u00e4dde i kraft 2025-07-01<\/li>\n<\/ul>\n<ul class=\"wp-block-list\">\n<li>En samling med de 11 f\u00f6rfattningarna d\u00e4r Boverket har preciserat de<br \/>krav som finns i Plan- och bygglagen samt Plan- och byggf\u00f6rordningen<br \/>n\u00e4r det kommer till utformning, tekniska egenskaper, aktsamhet, tomter<br \/>och byggherrens ansvar<\/li>\n<li>Byggreglerna har en \u00f6verg\u00e5ngsperiod till och med 2026-06-30.<\/li>\n<li>Kapitlet om Energi hoppas man ska kunna tr\u00e4da i kraft i maj 2026, men<br \/>fram till dess behandlas detta i BBR 31.<\/li>\n<li>Framtagen f\u00f6r att m\u00f6jligg\u00f6ra innovationer, fr\u00e4mja ny teknik och nya<br \/>metoder samt skapa en flexibilitet f\u00f6r \u00f6kad effektivitet.<\/li>\n<li>Ge en tydligare rollf\u00f6rdelning<\/li>\n<\/ul>\n","protected":false},"excerpt":{"rendered":"&#13; 28:e november 2025, 13:35&#13; Byggbranschen \u00e4r i st\u00e4ndig f\u00f6r\u00e4ndring och det g\u00e4ller att h\u00e4nga med i sv\u00e4ngarna.&hellip;\n","protected":false},"author":2,"featured_media":93351,"comment_status":"","ping_status":"","sticky":false,"template":"","format":"standard","meta":{"footnotes":""},"categories":[5],"tags":[22,23,26,27,17,21,10980,24,25,28,29,15,16,4473,18,10981,34,31,33,32,30,19,20],"class_list":{"0":"post-93350","1":"post","2":"type-post","3":"status-publish","4":"format-standard","5":"has-post-thumbnail","7":"category-rubriker","8":"tag-breaking-news","9":"tag-breakingnews","10":"tag-featured-news","11":"tag-featurednews","12":"tag-headlines","13":"tag-huvudnyheter","14":"tag-lagar","15":"tag-latest-news","16":"tag-latestnews","17":"tag-main-news","18":"tag-mainnews","19":"tag-news","20":"tag-nyheter","21":"tag-regler","22":"tag-rubriker","23":"tag-sbr-byggingenjorerna","24":"tag-se","25":"tag-svenska","26":"tag-sverige","27":"tag-sweden","28":"tag-swedish","29":"tag-top-stories","30":"tag-topstories"},"share_on_mastodon":{"url":"https:\/\/pubeurope.com\/@se\/115637181727435419","error":""},"_links":{"self":[{"href":"https:\/\/www.europesays.com\/se\/wp-json\/wp\/v2\/posts\/93350","targetHints":{"allow":["GET"]}}],"collection":[{"href":"https:\/\/www.europesays.com\/se\/wp-json\/wp\/v2\/posts"}],"about":[{"href":"https:\/\/www.europesays.com\/se\/wp-json\/wp\/v2\/types\/post"}],"author":[{"embeddable":true,"href":"https:\/\/www.europesays.com\/se\/wp-json\/wp\/v2\/users\/2"}],"replies":[{"embeddable":true,"href":"https:\/\/www.europesays.com\/se\/wp-json\/wp\/v2\/comments?post=93350"}],"version-history":[{"count":0,"href":"https:\/\/www.europesays.com\/se\/wp-json\/wp\/v2\/posts\/93350\/revisions"}],"wp:featuredmedia":[{"embeddable":true,"href":"https:\/\/www.europesays.com\/se\/wp-json\/wp\/v2\/media\/93351"}],"wp:attachment":[{"href":"https:\/\/www.europesays.com\/se\/wp-json\/wp\/v2\/media?parent=93350"}],"wp:term":[{"taxonomy":"category","embeddable":true,"href":"https:\/\/www.europesays.com\/se\/wp-json\/wp\/v2\/categories?post=93350"},{"taxonomy":"post_tag","embeddable":true,"href":"https:\/\/www.europesays.com\/se\/wp-json\/wp\/v2\/tags?post=93350"}],"curies":[{"name":"wp","href":"https:\/\/api.w.org\/{rel}","templated":true}]}}