{"id":93361,"date":"2025-11-30T06:56:09","date_gmt":"2025-11-30T06:56:09","guid":{"rendered":"https:\/\/www.europesays.com\/se\/93361\/"},"modified":"2025-11-30T06:56:09","modified_gmt":"2025-11-30T06:56:09","slug":"landeskog-dubbel-malskytt-i-colorados-segerkross","status":"publish","type":"post","link":"https:\/\/www.europesays.com\/se\/93361\/","title":{"rendered":"Landeskog dubbel m\u00e5lskytt i Colorados segerkross"},"content":{"rendered":"<p class=\"boxtextgrotesk-root_baa6 hyperion-css-1w346fg\">Uppdaterad 06.47 | Publicerad 04.41<\/p>\n<p>share-arrowDela<\/p>\n<p>unsaveSpara<\/p>\n<p>expand-left<\/p>\n<p>helsk\u00e4rm<img decoding=\"async\" class=\"image-asset hyperion-css-u06ts1\" data-test-tag=\"image-asset\" src=\"https:\/\/www.europesays.com\/se\/wp-content\/uploads\/2025\/11\/1d8f1020-3bac-4822-9457-5829806d4da1\"  alt=\"Colorados svenskstj\u00e4rna Gabriel Landeskog firar segern mot Montreal.\"  loading=\"eager\" fetchpriority=\"high\" style=\"aspect-ratio:1900 \/ 1267\"\/>Colorados svenskstj\u00e4rna Gabriel Landeskog firar segern mot Montreal. Foto: David Zalubowski\/AP\/TT<\/p>\n<p class=\"hyperion-css-1shl3oz\" data-test-tag=\"lead-text\">Svenske Gabriel Landeskog gl\u00e4nste p\u00e5 isen med tv\u00e5 m\u00e5l och en assist n\u00e4r hans Colorado krossade Montreal med 7\u20132 p\u00e5 hemmaplan.<\/p>\n<p class=\"hyperion-css-1v9qo5x\">Redan fr\u00e5n start visade Colorado att de dominerade matchen. Laget inledde med ett m\u00e5l i \u00e5ttonde minuten och kort d\u00e4rp\u00e5 s\u00e5g Gabriel Landeskog till att s\u00e4kra 2\u20130-ledningen.<\/p>\n<p class=\"hyperion-css-1v9qo5x\">I sluten p\u00e5 andra perioden var 33-\u00e5ringen framme igen och spelade fram lagkamraten Nathan MacKinnon som fick in lagets femte m\u00e5l med ett handledsskott.<\/p>\n<p class=\"hyperion-css-1v9qo5x\">Till slut var det ocks\u00e5 Landeskog som satte matchens sista m\u00e5l i sjunde minuten av den sista perioden.<\/p>\n<p class=\"hyperion-css-1v9qo5x\">\u2013 Spelarna k\u00e4mpar h\u00e5rt och spelar bra. Vi har varit t\u00e4vlingsinriktade och h\u00e4ngivna i stort sett varje g\u00e5ng som pucken sl\u00e4pps. Jag skulle s\u00e4ga att vi har gjort en bra insats h\u00e4r. F\u00f6rhoppningsvis kan det forts\u00e4tta s\u00e5, men det \u00e4r inte l\u00e4tt att vinna i den h\u00e4r turneringen, s\u00e4ger Colorados tr\u00e4nare Jared Bednar efter matchen enligt nhl.com.<\/p>\n","protected":false},"excerpt":{"rendered":"Uppdaterad 06.47 | Publicerad 04.41 share-arrowDela unsaveSpara expand-left helsk\u00e4rmColorados svenskstj\u00e4rna Gabriel Landeskog firar segern mot Montreal. Foto: David&hellip;\n","protected":false},"author":2,"featured_media":93362,"comment_status":"","ping_status":"","sticky":false,"template":"","format":"standard","meta":{"footnotes":""},"categories":[68],"tags":[34,111,110,31,33,32,30],"class_list":{"0":"post-93361","1":"post","2":"type-post","3":"status-publish","4":"format-standard","5":"has-post-thumbnail","7":"category-sport","8":"tag-se","9":"tag-sport","10":"tag-sports","11":"tag-svenska","12":"tag-sverige","13":"tag-sweden","14":"tag-swedish"},"share_on_mastodon":{"url":"https:\/\/pubeurope.com\/@se\/115637347005978708","error":""},"_links":{"self":[{"href":"https:\/\/www.europesays.com\/se\/wp-json\/wp\/v2\/posts\/93361","targetHints":{"allow":["GET"]}}],"collection":[{"href":"https:\/\/www.europesays.com\/se\/wp-json\/wp\/v2\/posts"}],"about":[{"href":"https:\/\/www.europesays.com\/se\/wp-json\/wp\/v2\/types\/post"}],"author":[{"embeddable":true,"href":"https:\/\/www.europesays.com\/se\/wp-json\/wp\/v2\/users\/2"}],"replies":[{"embeddable":true,"href":"https:\/\/www.europesays.com\/se\/wp-json\/wp\/v2\/comments?post=93361"}],"version-history":[{"count":0,"href":"https:\/\/www.europesays.com\/se\/wp-json\/wp\/v2\/posts\/93361\/revisions"}],"wp:featuredmedia":[{"embeddable":true,"href":"https:\/\/www.europesays.com\/se\/wp-json\/wp\/v2\/media\/93362"}],"wp:attachment":[{"href":"https:\/\/www.europesays.com\/se\/wp-json\/wp\/v2\/media?parent=93361"}],"wp:term":[{"taxonomy":"category","embeddable":true,"href":"https:\/\/www.europesays.com\/se\/wp-json\/wp\/v2\/categories?post=93361"},{"taxonomy":"post_tag","embeddable":true,"href":"https:\/\/www.europesays.com\/se\/wp-json\/wp\/v2\/tags?post=93361"}],"curies":[{"name":"wp","href":"https:\/\/api.w.org\/{rel}","templated":true}]}}