{"id":93367,"date":"2025-11-30T07:09:28","date_gmt":"2025-11-30T07:09:28","guid":{"rendered":"https:\/\/www.europesays.com\/se\/93367\/"},"modified":"2025-11-30T07:09:28","modified_gmt":"2025-11-30T07:09:28","slug":"nattens-handelser-fran-polisen-orebronyheter-16","status":"publish","type":"post","link":"https:\/\/www.europesays.com\/se\/93367\/","title":{"rendered":"Nattens h\u00e4ndelser fr\u00e5n polisen \u2013 \u00d6rebronyheter"},"content":{"rendered":"<p>\t\t\t\t\t\t\t\t<img width=\"300\" height=\"336\" src=\"https:\/\/www.europesays.com\/se\/wp-content\/uploads\/2025\/10\/polis-2-300x336.jpg\" class=\"attachment-post-thumb size-post-thumb wp-post-image\" alt=\"\" decoding=\"async\" fetchpriority=\"high\"  \/>\t\t\t\t\t\t\t\t\t\t\t\t\t\t\t\t\tGenrebild<\/p>\n<p><strong>Nedan f\u00f6ljer ett urval av de \u00e4renden som polisen har hanterat under kv\u00e4llen\/natten fram till fredag morgon i \u00d6rebro\/L\u00e4net.<\/strong><\/p>\n<p><strong>Rattfylleri, \u00d6rebro kl. 00.25.<br \/><\/strong>En bilist, en man i 20-\u00e5rs\u00e5ldern, \u00e4r misst\u00e4nkt f\u00f6r rattfylleri under p\u00e5verkan av narkotika efter att ha blivit stoppad och kontrollerad av polis p\u00e5 V\u00e4ster. Bilisten fick \u00e5ka med patrullen f\u00f6r provtagning och resultatet p\u00e5 provet f\u00e5r visa om han har gjort sig skyldig till brott.<\/p>\n<p>\u2026.<\/p>\n<p><strong>F\u00f6rs\u00f6k till st\u00f6ld genom inbrott, Karlskoga kl. 00.37.<\/strong><br \/>En man i 30-\u00e5rs\u00e5ldern och en man i 25-\u00e5rs\u00e5ldern \u00e4r misst\u00e4nkta f\u00f6r f\u00f6rs\u00f6k till st\u00f6ld genom inbrott alternativt skadeg\u00f6relse efter att ha brutit p\u00e5 en l\u00e4genhetsd\u00f6rr i R\u00e4v\u00e5sen. Mannen som \u00e4r i 30-\u00e5rs\u00e5ldern \u00e4r ocks\u00e5 misst\u00e4nkt f\u00f6r brott mot knivlagen.<\/p>\n<p>\u2026.<\/p>\n<p><strong>Ringa narkotikabrott, Hallsberg kl. 04.05.<br \/><\/strong>En kille i de \u00e4ldre ton\u00e5ren \u00e4r misst\u00e4nkt f\u00f6r ringa narkotikabrott genom eget bruk efter att ha blivit kontrollerad av en patrull i centrum. Killen fick \u00e5ka med patrullen f\u00f6r provtagning och resultatet p\u00e5 provet f\u00e5r visa om han har gjort sig skyldig till brott.<\/p>\n<p>\u2026.<\/p>\n<p>Ut\u00f6ver detta har vi bland annat kontrollerat 10 personer eller fordon, omh\u00e4ndertagit tv\u00e5 personer enligt LOB, Lagen om omh\u00e4ndertagande av berusade personer och \u00a0hanterat tv\u00e5 \u00e4renden g\u00e4llande psykisk oh\u00e4lsa.<\/p>\n<p><strong>\u00d6rebro\/L\u00e4net<br \/>\u00d6rebronyheter<\/strong><\/p>\n<p>K\u00e4lla: Polisen<\/p>\n","protected":false},"excerpt":{"rendered":"Genrebild Nedan f\u00f6ljer ett urval av de \u00e4renden som polisen har hanterat under kv\u00e4llen\/natten fram till fredag morgon&hellip;\n","protected":false},"author":2,"featured_media":54314,"comment_status":"","ping_status":"","sticky":false,"template":"","format":"standard","meta":{"footnotes":""},"categories":[12],"tags":[22,23,26,27,17,21,24,25,28,29,15,16,18,34,31,33,32,30,19,20],"class_list":{"0":"post-93367","1":"post","2":"type-post","3":"status-publish","4":"format-standard","5":"has-post-thumbnail","7":"category-sverige","8":"tag-breaking-news","9":"tag-breakingnews","10":"tag-featured-news","11":"tag-featurednews","12":"tag-headlines","13":"tag-huvudnyheter","14":"tag-latest-news","15":"tag-latestnews","16":"tag-main-news","17":"tag-mainnews","18":"tag-news","19":"tag-nyheter","20":"tag-rubriker","21":"tag-se","22":"tag-svenska","23":"tag-sverige","24":"tag-sweden","25":"tag-swedish","26":"tag-top-stories","27":"tag-topstories"},"share_on_mastodon":{"url":"https:\/\/pubeurope.com\/@se\/115637398152567909","error":""},"_links":{"self":[{"href":"https:\/\/www.europesays.com\/se\/wp-json\/wp\/v2\/posts\/93367","targetHints":{"allow":["GET"]}}],"collection":[{"href":"https:\/\/www.europesays.com\/se\/wp-json\/wp\/v2\/posts"}],"about":[{"href":"https:\/\/www.europesays.com\/se\/wp-json\/wp\/v2\/types\/post"}],"author":[{"embeddable":true,"href":"https:\/\/www.europesays.com\/se\/wp-json\/wp\/v2\/users\/2"}],"replies":[{"embeddable":true,"href":"https:\/\/www.europesays.com\/se\/wp-json\/wp\/v2\/comments?post=93367"}],"version-history":[{"count":0,"href":"https:\/\/www.europesays.com\/se\/wp-json\/wp\/v2\/posts\/93367\/revisions"}],"wp:featuredmedia":[{"embeddable":true,"href":"https:\/\/www.europesays.com\/se\/wp-json\/wp\/v2\/media\/54314"}],"wp:attachment":[{"href":"https:\/\/www.europesays.com\/se\/wp-json\/wp\/v2\/media?parent=93367"}],"wp:term":[{"taxonomy":"category","embeddable":true,"href":"https:\/\/www.europesays.com\/se\/wp-json\/wp\/v2\/categories?post=93367"},{"taxonomy":"post_tag","embeddable":true,"href":"https:\/\/www.europesays.com\/se\/wp-json\/wp\/v2\/tags?post=93367"}],"curies":[{"name":"wp","href":"https:\/\/api.w.org\/{rel}","templated":true}]}}