{"id":93368,"date":"2025-11-30T07:14:07","date_gmt":"2025-11-30T07:14:07","guid":{"rendered":"https:\/\/www.europesays.com\/se\/93368\/"},"modified":"2025-11-30T07:14:07","modified_gmt":"2025-11-30T07:14:07","slug":"hon-tog-hem-segern-i-spelet","status":"publish","type":"post","link":"https:\/\/www.europesays.com\/se\/93368\/","title":{"rendered":"Hon tog hem segern i &#8221;Spelet&#8221;"},"content":{"rendered":"<p><strong>SVT:s program \u201cSpelet\u201d har lockat en miljonpublik vecka efter vecka. Nu har en vinnare utsetts \u2013\u00a0och det \u00e4r ingen mindre \u00e4n Fr\u00f6ken Snusk!<\/strong><\/p>\n<p><img loading=\"lazy\" decoding=\"async\" width=\"1200\" height=\"800\" src=\"https:\/\/www.europesays.com\/se\/wp-content\/uploads\/2025\/11\/fd-froken-snusk-tog-hem-segern-i-spelet.jpg\" alt=\"\" class=\"wp-image-409260\"\/>Foto: Instagram @f.official<\/p>\n<p>Hanna Friberg,\u00a0H\u00e5kan Juholt,\u00a0Christian Bauer och Julia Franz\u00e9n\u00a0\u00e4r n\u00e5gra av de k\u00e4ndisar som har anv\u00e4nt sig av all sin list f\u00f6r att undvika utr\u00f6stning i SVT:s nya storsatsning Spelet \u2013\u00a0men i slut\u00e4ndan kunde bara en deltagare ta hem segern.<\/p>\n<p><img loading=\"lazy\" decoding=\"async\" width=\"1200\" height=\"800\" src=\"https:\/\/www.europesays.com\/se\/wp-content\/uploads\/2025\/11\/spelet-alla-deltagare.jpg\" alt=\"\" class=\"wp-image-399100\"\/>Foto: SVT<\/p>\n<p><strong>L\u00e4s \u00e4ven: <a href=\"https:\/\/metromode.se\/noje\/spelet-alla-deltagare\/\" rel=\"nofollow noopener\" target=\"_blank\">Spelet \u2013 alla deltagare i SVT:s nya reality!<\/a><\/strong><\/p>\n<p><strong>\u201cAsgrym\u201d<\/strong><\/p>\n<p>Det blev original-Fr\u00f6ken Snusk som tog hem segern\u00a0(och prissumman p\u00e5 100 tusen kronor)\u00a0i finalavsnittet. <\/p>\n<p>F\u00f6r s\u00e5ngerskan \u2013\u00a0som numera g\u00e5r under sitt riktiga namn, Felicia \u2013 \u00e4r vinsten en boost f\u00f6r sj\u00e4lvf\u00f6rtroendet:<\/p>\n<p>\u201cEfter den h\u00e4r vinsten ska jag aldrig n\u00e5gonsin mer s\u00e4ga till mig sj\u00e4lv att jag inte kan n\u00e5gonting eller att jag \u00e4r d\u00e5lig p\u00e5 n\u00e5got, f\u00f6r jag \u00e4r fan asgrym\u201d, s\u00e4ger hon i programmet.<\/p>\n<p><strong>Blir det en s\u00e4song 2 av Spelet?<\/strong><\/p>\n<p>Ja, det blir en andra s\u00e4song av SVT:s Spelet! Inspelningarna drar ig\u00e5ng i v\u00e5r och s\u00e4ndning \u00e4r planerad till h\u00f6sten 2026.<\/p>\n","protected":false},"excerpt":{"rendered":"SVT:s program \u201cSpelet\u201d har lockat en miljonpublik vecka efter vecka. Nu har en vinnare utsetts \u2013\u00a0och det \u00e4r&hellip;\n","protected":false},"author":2,"featured_media":93369,"comment_status":"","ping_status":"","sticky":false,"template":"","format":"standard","meta":{"footnotes":""},"categories":[67],"tags":[104,34,31,33,32,30,105],"class_list":{"0":"post-93368","1":"post","2":"type-post","3":"status-publish","4":"format-standard","5":"has-post-thumbnail","7":"category-underhallning","8":"tag-entertainment","9":"tag-se","10":"tag-svenska","11":"tag-sverige","12":"tag-sweden","13":"tag-swedish","14":"tag-underhallning"},"share_on_mastodon":{"url":"https:\/\/pubeurope.com\/@se\/115637417955878092","error":""},"_links":{"self":[{"href":"https:\/\/www.europesays.com\/se\/wp-json\/wp\/v2\/posts\/93368","targetHints":{"allow":["GET"]}}],"collection":[{"href":"https:\/\/www.europesays.com\/se\/wp-json\/wp\/v2\/posts"}],"about":[{"href":"https:\/\/www.europesays.com\/se\/wp-json\/wp\/v2\/types\/post"}],"author":[{"embeddable":true,"href":"https:\/\/www.europesays.com\/se\/wp-json\/wp\/v2\/users\/2"}],"replies":[{"embeddable":true,"href":"https:\/\/www.europesays.com\/se\/wp-json\/wp\/v2\/comments?post=93368"}],"version-history":[{"count":0,"href":"https:\/\/www.europesays.com\/se\/wp-json\/wp\/v2\/posts\/93368\/revisions"}],"wp:featuredmedia":[{"embeddable":true,"href":"https:\/\/www.europesays.com\/se\/wp-json\/wp\/v2\/media\/93369"}],"wp:attachment":[{"href":"https:\/\/www.europesays.com\/se\/wp-json\/wp\/v2\/media?parent=93368"}],"wp:term":[{"taxonomy":"category","embeddable":true,"href":"https:\/\/www.europesays.com\/se\/wp-json\/wp\/v2\/categories?post=93368"},{"taxonomy":"post_tag","embeddable":true,"href":"https:\/\/www.europesays.com\/se\/wp-json\/wp\/v2\/tags?post=93368"}],"curies":[{"name":"wp","href":"https:\/\/api.w.org\/{rel}","templated":true}]}}