{"id":93393,"date":"2025-11-30T08:39:07","date_gmt":"2025-11-30T08:39:07","guid":{"rendered":"https:\/\/www.europesays.com\/se\/93393\/"},"modified":"2025-11-30T08:39:07","modified_gmt":"2025-11-30T08:39:07","slug":"fotboll-jonas-eriksson-om-skandalscenerna-mork-dag-for-svensk-fotboll","status":"publish","type":"post","link":"https:\/\/www.europesays.com\/se\/93393\/","title":{"rendered":"Fotboll: Jonas Eriksson om skandalscenerna: \u201dM\u00f6rk dag f\u00f6r svensk fotboll\u201d"},"content":{"rendered":"<p>\u00d6rgryte knep till slut den allsvenska platsen och IFK Norrk\u00f6ping f\u00e5r spela superettan 2026.<\/p>\n<p>Men det var inte utan en bitter eftersmak. Matchen fick avbrytas hela fyra g\u00e5nger p\u00e5 grund av inkastade f\u00f6rem\u00e5l och ordningsst\u00f6rningar, vilket gjorde att matchen p\u00e5gick i fyra och en halv timme.<\/p>\n<p>\u2013 Det \u00e4r en f\u00f6ljd av det regelverk som finns d\u00e4r Sef (Svensk Elitfotboll) best\u00e4mt sig f\u00f6r att matcherna ska spelas klart till varje pris. Flera saker f\u00e5r mig att fr\u00e5ga om det \u00e4r r\u00e4tt s\u00e4tt att jobba eftersom matcher kan bli evighetsl\u00e5nga, s\u00e4ger SVT:s Jonas Eriksson.<\/p>\n<p>\u201dH\u00f6r inte hemma i svensk fotboll\u201d<\/p>\n<p>Vid ett tillf\u00e4lle b\u00f6rjade konstgr\u00e4set i Norrk\u00f6ping att brinna till f\u00f6ljd av de inkastade pyrotekniska pj\u00e4serna.<\/p>\n<p>\u2013 Med all respekt f\u00f6r irriterade och besvikna supportrar, men alla \u00e4r \u00f6verens men inkastad pyroteknik \u00e4r n\u00e5got som inte h\u00f6r hemma i svensk fotboll \u00f6verhuvudtaget.<\/p>\n<p>Hur skulle du summera matchen?<\/p>\n<p>\u2013 En m\u00f6rk dag f\u00f6r svensk fotboll, en m\u00f6rk dag f\u00f6r IFK Norrk\u00f6ping men en gl\u00e4djens dag f\u00f6r \u00d6rgryte.<\/p>\n","protected":false},"excerpt":{"rendered":"\u00d6rgryte knep till slut den allsvenska platsen och IFK Norrk\u00f6ping f\u00e5r spela superettan 2026. Men det var inte&hellip;\n","protected":false},"author":2,"featured_media":93394,"comment_status":"","ping_status":"","sticky":false,"template":"","format":"standard","meta":{"footnotes":""},"categories":[68],"tags":[34,111,110,31,33,32,30],"class_list":{"0":"post-93393","1":"post","2":"type-post","3":"status-publish","4":"format-standard","5":"has-post-thumbnail","7":"category-sport","8":"tag-se","9":"tag-sport","10":"tag-sports","11":"tag-svenska","12":"tag-sverige","13":"tag-sweden","14":"tag-swedish"},"share_on_mastodon":{"url":"https:\/\/pubeurope.com\/@se\/115637751871525279","error":""},"_links":{"self":[{"href":"https:\/\/www.europesays.com\/se\/wp-json\/wp\/v2\/posts\/93393","targetHints":{"allow":["GET"]}}],"collection":[{"href":"https:\/\/www.europesays.com\/se\/wp-json\/wp\/v2\/posts"}],"about":[{"href":"https:\/\/www.europesays.com\/se\/wp-json\/wp\/v2\/types\/post"}],"author":[{"embeddable":true,"href":"https:\/\/www.europesays.com\/se\/wp-json\/wp\/v2\/users\/2"}],"replies":[{"embeddable":true,"href":"https:\/\/www.europesays.com\/se\/wp-json\/wp\/v2\/comments?post=93393"}],"version-history":[{"count":0,"href":"https:\/\/www.europesays.com\/se\/wp-json\/wp\/v2\/posts\/93393\/revisions"}],"wp:featuredmedia":[{"embeddable":true,"href":"https:\/\/www.europesays.com\/se\/wp-json\/wp\/v2\/media\/93394"}],"wp:attachment":[{"href":"https:\/\/www.europesays.com\/se\/wp-json\/wp\/v2\/media?parent=93393"}],"wp:term":[{"taxonomy":"category","embeddable":true,"href":"https:\/\/www.europesays.com\/se\/wp-json\/wp\/v2\/categories?post=93393"},{"taxonomy":"post_tag","embeddable":true,"href":"https:\/\/www.europesays.com\/se\/wp-json\/wp\/v2\/tags?post=93393"}],"curies":[{"name":"wp","href":"https:\/\/api.w.org\/{rel}","templated":true}]}}