{"id":93407,"date":"2025-11-30T09:14:32","date_gmt":"2025-11-30T09:14:32","guid":{"rendered":"https:\/\/www.europesays.com\/se\/93407\/"},"modified":"2025-11-30T09:14:32","modified_gmt":"2025-11-30T09:14:32","slug":"ska-du-natshoppa-pa-black-friday-las-det-har-forst","status":"publish","type":"post","link":"https:\/\/www.europesays.com\/se\/93407\/","title":{"rendered":"Ska du n\u00e4tshoppa p\u00e5 Black Friday? L\u00e4s det h\u00e4r f\u00f6rst."},"content":{"rendered":"<p>\t\t\t<img width=\"1600\" height=\"1200\" src=\"https:\/\/www.europesays.com\/se\/wp-content\/uploads\/2025\/11\/black-friday-2-1600x1200.webp.webp\" class=\"attachment-large size-large wp-post-image\" alt=\"Bud med kartonger och r\u00f6da best\u00e4llningspilar ovanp\u00e5.\" loading=\"eager\" fetchpriority=\"high\" decoding=\"async\"  \/>\t\t<\/p>\n<p>Illustration: Filter<\/p>\n<p class=\"ingress\" style=\"color: #000;\">Vi e-handlar mer \u00e4n n\u00e5gonsin och m\u00e5nga av oss v\u00e4ljer att f\u00e5 paketen till v\u00e5r egen d\u00f6rr. Julia Lindbloms nya bok Den sista milen tydligg\u00f6r vem som f\u00e5r betala priset f\u00f6r de billiga hemleveranserna.<\/p>\n<p>\n      Publicerad 2025-11-28    <\/p>\n<p>Dela  <\/p>\n<p>Under Black Week fylls min inkorg av mejl fr\u00e5n f\u00f6retag som jag n\u00e5gon g\u00e5ng r\u00e5kat handla n\u00e5got av. Det \u00e4r l\u00e4tt att b\u00f6rja klicka: vi borde byta ut den d\u00e4r mixern som luktat br\u00e4nt i tv\u00e5 \u00e5r, barnen ska ha vinterkl\u00e4der \u2013 och s\u00e5 var det julklapparna \u2026<\/p>\n<p>F\u00f6rra \u00e5ret skickades 19,5 miljoner e-handelspaket under reaveckan i november, och ingenting tyder p\u00e5 att det blir f\u00e4rre i \u00e5r. Enligt Postnords egna prognoser kommer \u00e5rets julhandel bli \u00bbmer intensiv \u00e4n n\u00e5gonsin\u00ab och pakethanteringen f\u00f6rv\u00e4ntas \u00f6ka med 10 procent.<\/p>\n<p>Men det \u00e4r inte bara Postnord som ser till att v\u00e5ra fynd n\u00e5r hemmet, s\u00e4rskilt inte om man som jag bor i en st\u00f6rre stad. Om jag till exempel faller f\u00f6r H&amp;M:s erbjudanden kan jag f\u00e5 barnens jackor levererade till paketboxar fr\u00e5n Budbee eller Instabox f\u00f6r 39 kronor. Hittar jag en mixer fr\u00e5n Cervera \u00e4r det helt gratis att skicka den till Brings boxar, eller s\u00e5 kan jag f\u00e5 den hem med Airmee f\u00f6r nio kronor. Vill jag ge bort \u00e5rets julklapp, en vuxenleksak, skickar Akademibokhandeln hem m\u00e5larboken Cozy Girl med Early Bird eller till Schenkers paketombud, och vill jag framst\u00e5 som mer medveten kan \u00e5rets second hand-julklapp, ljusstaken, billigast levereras fr\u00e5n Sellpy med Citymail.<\/p>\n<p>Allt som oftast erbjuder n\u00e5gon av uppstickarna det mest prisv\u00e4rda alternativet, som dessutom kittlar ens lathetsnerv: nio kronor f\u00f6r att f\u00e5 paketet hem med Airmee, eller 29 kronor f\u00f6r att g\u00e5 en hel kilometer till n\u00e4rmsta Postnord-ombud? \u00c4rligt talat har valet alltid k\u00e4nts l\u00e4tt.<\/p>\n<p>Tills jag l\u00e4ste Julia Lindbloms nya bok Den sista milen.<\/p>\n<p><img loading=\"lazy\" data-recalc-dims=\"1\" decoding=\"async\" class=\"aligncenter size-medium wp-image-34218\" src=\"https:\/\/www.europesays.com\/se\/wp-content\/uploads\/2025\/11\/black-friday-5.png\" alt=\"En datorpil.\" width=\"800\" height=\"114\"  \/><\/p>\n<p>Att t\u00e4nka p\u00e5 hur den d\u00e4r jackan fr\u00e5n H&amp;M tar sig fr\u00e5n symaskinen i Bangladesh till ens brevl\u00e5da kan k\u00e4nnas som att t\u00e4nka p\u00e5 universum. Det \u00e4r en alldeles f\u00f6r l\u00e5ng tankekedja. Men f\u00f6r att f\u00f6rs\u00f6ka sammanfatta allt snabbt: kl\u00e4derna transporteras med b\u00e5t, t\u00e5g, lastbilar eller flyg antingen till ett centrallager i Europa, eller direkt till en e-handlares svenska lager. Efter att du klickat p\u00e5 k\u00f6p transporteras tr\u00f6jan vidare fr\u00e5n lagret, med lastbil eller t\u00e5g, f\u00f6r att sorteras p\u00e5 terminaler och dep\u00e5er runt om i Sverige. D\u00e4refter tar lastbilar, bilar eller cyklar best\u00e4llningen den sista biten till kunden \u2013 till postombud, paketboxar eller hemmet.<\/p>\n<p>Den som intresserat sig det minsta f\u00f6r klimatet eller sociala fr\u00e5gor vet att det inte \u00e4r ett h\u00e5llbart system. M\u00e5nga av v\u00e5ra varor tillverkas i l\u00e5gl\u00f6nel\u00e4nder d\u00e4r arbetsvillkoren \u00e4r under all kritik, och alla vet att de l\u00e5nga och m\u00e5nga transporterna bidrar till stora utsl\u00e4pp. \u00c4nd\u00e5 forts\u00e4tter v\u00e5r konsumtion att \u00f6ka, och enligt Konjunkturinstitutet ber\u00e4knas trenden h\u00e5lla i sig. Kanske f\u00f6r att problemen \u00e4r s\u00e5 abstrakta: det \u00e4r sv\u00e5rt att f\u00f6rest\u00e4lla sig den bangladeshiska s\u00f6mmerskans liv, sv\u00e5rt att f\u00f6rst\u00e5 vad just min jacka bidrar till f\u00f6r utsl\u00e4pp \u2013 flygplanet hade v\u00e4l lyft \u00e4nd\u00e5?<\/p>\n<p class=\"offer-nedryckare minifix\">Forts\u00e4tt l\u00e4sa<br \/>\u2013 gratis i en m\u00e5nad<\/p>\n<p class=\"puff alt minifix\">D\u00e4refter 89:-\/m\u00e5nad.<\/p>\n<p>\t<a id=\"paywallDigitalButton\" class=\"opab-button fill\" href=\"https:\/\/magasinetfilter.se\/prenumeration\/order\/orderforms\/fid121\" data-order-url=\"https:\/\/magasinetfilter.se\/perspektiv\/ska-du-natshoppa-idag-las-det-har-innan-du-valjer-hemleverans\/\" rel=\"nofollow noopener\" target=\"_blank\">Testa nu<\/a><\/p>\n<p class=\"puff alt upc\">Har du redan ett konto? <a href=\"https:\/\/connectid.se\/user\/oauth\/authorize?response_type=code&amp;client_id=se.offsidepress.filter&amp;redirect_uri=https%3A%2F%2Fmagasinetfilter.se%2Fperspektiv%2Fska-du-natshoppa-idag-las-det-har-innan-du-valjer-hemleverans%2F%3Fflowy_paywall_callback\" class=\"login\" rel=\"nofollow noopener\" target=\"_blank\">Logga in<\/a> h\u00e4r.<\/p>\n<p>    Publicerades 28-11-2025. Artikeln \u00e4r skriven av <a href=\"https:\/\/magasinetfilter.se\/skribent\/madelene-pollnow\/\" rel=\"tag nofollow noopener\" target=\"_blank\">Madelene Pollnow<\/a>.<\/p>\n","protected":false},"excerpt":{"rendered":"Illustration: Filter Vi e-handlar mer \u00e4n n\u00e5gonsin och m\u00e5nga av oss v\u00e4ljer att f\u00e5 paketen till v\u00e5r egen&hellip;\n","protected":false},"author":2,"featured_media":93408,"comment_status":"","ping_status":"","sticky":false,"template":"","format":"standard","meta":{"footnotes":""},"categories":[65],"tags":[72,70,71,1683,34,31,33,32,30],"class_list":{"0":"post-93407","1":"post","2":"type-post","3":"status-publish","4":"format-standard","5":"has-post-thumbnail","7":"category-ekonomi","8":"tag-business","9":"tag-economy","10":"tag-ekonomi","11":"tag-samhalle","12":"tag-se","13":"tag-svenska","14":"tag-sverige","15":"tag-sweden","16":"tag-swedish"},"share_on_mastodon":{"url":"https:\/\/pubeurope.com\/@se\/115637889684111398","error":""},"_links":{"self":[{"href":"https:\/\/www.europesays.com\/se\/wp-json\/wp\/v2\/posts\/93407","targetHints":{"allow":["GET"]}}],"collection":[{"href":"https:\/\/www.europesays.com\/se\/wp-json\/wp\/v2\/posts"}],"about":[{"href":"https:\/\/www.europesays.com\/se\/wp-json\/wp\/v2\/types\/post"}],"author":[{"embeddable":true,"href":"https:\/\/www.europesays.com\/se\/wp-json\/wp\/v2\/users\/2"}],"replies":[{"embeddable":true,"href":"https:\/\/www.europesays.com\/se\/wp-json\/wp\/v2\/comments?post=93407"}],"version-history":[{"count":0,"href":"https:\/\/www.europesays.com\/se\/wp-json\/wp\/v2\/posts\/93407\/revisions"}],"wp:featuredmedia":[{"embeddable":true,"href":"https:\/\/www.europesays.com\/se\/wp-json\/wp\/v2\/media\/93408"}],"wp:attachment":[{"href":"https:\/\/www.europesays.com\/se\/wp-json\/wp\/v2\/media?parent=93407"}],"wp:term":[{"taxonomy":"category","embeddable":true,"href":"https:\/\/www.europesays.com\/se\/wp-json\/wp\/v2\/categories?post=93407"},{"taxonomy":"post_tag","embeddable":true,"href":"https:\/\/www.europesays.com\/se\/wp-json\/wp\/v2\/tags?post=93407"}],"curies":[{"name":"wp","href":"https:\/\/api.w.org\/{rel}","templated":true}]}}