{"id":93415,"date":"2025-11-30T09:32:11","date_gmt":"2025-11-30T09:32:11","guid":{"rendered":"https:\/\/www.europesays.com\/se\/93415\/"},"modified":"2025-11-30T09:32:11","modified_gmt":"2025-11-30T09:32:11","slug":"30-november-08-19-sammanfattning-natt-jamtlands-lan","status":"publish","type":"post","link":"https:\/\/www.europesays.com\/se\/93415\/","title":{"rendered":"30 november 08.19, Sammanfattning natt, J\u00e4mtlands l\u00e4n"},"content":{"rendered":"<p>H\u00e4r f\u00f6ljer ett urval av nattens h\u00e4ndelser:<\/p>\n<p><strong>00.47 Misshandel, \u00d6stersund:<\/strong><br \/>Polispatrull beordras till en restaurang i centrala \u00d6stersund d\u00e4r det varit n\u00e5gon typ av br\u00e5k\/handgem\u00e4ng med tv\u00e5 m\u00e4n i 20-\u00e5rs\u00e5ldern inblandade. En anm\u00e4lan och en motanm\u00e4lan g\u00e4llande misshandel uppr\u00e4ttas.<\/p>\n<p><strong>03.16 Misshandel, \u00d6stersund:<\/strong><br \/>Polispatrull beordras till en adress i centrala \u00d6stersund d\u00e4r en man i 45-\u00e5rs\u00e5ldern uppges ha misshandlat och ofredat en annan man och ofredat ytterligare en man.<\/p>\n<p>Den misst\u00e4nkte mannen misst\u00e4nks vara p\u00e5verkad av narkotika. Han omh\u00e4ndertas enligt LOB, lagen om omh\u00e4ndertagande av berusade personer och ska f\u00f6rh\u00f6ras efter tillnyktring.\u00a0<\/p>\n<p>En anm\u00e4lan g\u00e4llande misshandel, ofredande och ringa narkotikabrott \u00e4r uppr\u00e4ttad.<\/p>\n<p><strong>04.49 Viltolycka, \u00d6stersund:<\/strong><br \/>Olycka med personbil och r\u00e5djur i Odenskogsrondellen, Spikbodarna. Inga personskador rapporteras. Det \u00e4r oklart hur det gick f\u00f6r r\u00e5djuret och en efters\u00f6ksj\u00e4gare kallas ut.<br \/><strong><br \/>\u00d6vrigt:<\/strong><br \/>Tv\u00e5 personer har omh\u00e4ndertagits f\u00f6r fylleri.<\/p>\n<p>Polisen har \u00e4ven utf\u00f6rt kontroller av personer och fordon som inte resulterat i n\u00e5gon brottsmisstanke.<\/p>\n<p><strong><br \/>Sammanfattning av polisens arbete i Novemberkalaset i Vemdalen under l\u00f6rdagen:<\/strong><\/p>\n<p>Runt 700 personer var p\u00e5 after-skin.\u00a0<\/p>\n<p>11 personer avvisades<\/p>\n<p>1 person omh\u00e4ndertogs enligt LOB\u00a0<\/p>\n<p>1 anm\u00e4lan om misshandel uppr\u00e4ttades<\/p>\n<p>1 anm\u00e4lan uppr\u00e4ttades g\u00e4llande ringa narkotikabrott, eget bruk<\/p>\n<p>1 anm\u00e4lan g\u00e4llande langningsbrott uppr\u00e4ttades<\/p>\n<p>\u00a0<\/p>\n<p>P\u00e5 nattklubben, senare p\u00e5 kv\u00e4llen, l\u00f6ste n\u00e4rmare 800 personer biljett.<\/p>\n<p>95 personer avvisades.<\/p>\n<p>1 person avl\u00e4gsnandes\u00a0<\/p>\n<p>4 person omh\u00e4ndertogs enligt LOB, varav tre minder\u00e5riga personer \u00f6verl\u00e4mnades till annan<\/p>\n<p>2 anm\u00e4lningar g\u00e4llande ringa narkotikabrott, eget bruk, uppr\u00e4ttades\u00a0<\/p>\n<p>1 anm\u00e4lan om misshandel uppr\u00e4ttades<\/p>\n<p>Polisen har \u00e4ven hanterat ett \u00e4rende g\u00e4llande misst\u00e4nkt rattfylleri, Vemdalsskalet. Det gick inte att styrka vem som k\u00f6rde. Bilnycklar omh\u00e4ndertogs.<\/p>\n","protected":false},"excerpt":{"rendered":"H\u00e4r f\u00f6ljer ett urval av nattens h\u00e4ndelser: 00.47 Misshandel, \u00d6stersund:Polispatrull beordras till en restaurang i centrala \u00d6stersund d\u00e4r&hellip;\n","protected":false},"author":2,"featured_media":54,"comment_status":"","ping_status":"","sticky":false,"template":"","format":"standard","meta":{"footnotes":""},"categories":[12],"tags":[22,23,26,27,17,21,24,25,28,29,15,16,18,34,31,33,32,30,19,20],"class_list":{"0":"post-93415","1":"post","2":"type-post","3":"status-publish","4":"format-standard","5":"has-post-thumbnail","7":"category-sverige","8":"tag-breaking-news","9":"tag-breakingnews","10":"tag-featured-news","11":"tag-featurednews","12":"tag-headlines","13":"tag-huvudnyheter","14":"tag-latest-news","15":"tag-latestnews","16":"tag-main-news","17":"tag-mainnews","18":"tag-news","19":"tag-nyheter","20":"tag-rubriker","21":"tag-se","22":"tag-svenska","23":"tag-sverige","24":"tag-sweden","25":"tag-swedish","26":"tag-top-stories","27":"tag-topstories"},"share_on_mastodon":{"url":"https:\/\/pubeurope.com\/@se\/115637960320827880","error":""},"_links":{"self":[{"href":"https:\/\/www.europesays.com\/se\/wp-json\/wp\/v2\/posts\/93415","targetHints":{"allow":["GET"]}}],"collection":[{"href":"https:\/\/www.europesays.com\/se\/wp-json\/wp\/v2\/posts"}],"about":[{"href":"https:\/\/www.europesays.com\/se\/wp-json\/wp\/v2\/types\/post"}],"author":[{"embeddable":true,"href":"https:\/\/www.europesays.com\/se\/wp-json\/wp\/v2\/users\/2"}],"replies":[{"embeddable":true,"href":"https:\/\/www.europesays.com\/se\/wp-json\/wp\/v2\/comments?post=93415"}],"version-history":[{"count":0,"href":"https:\/\/www.europesays.com\/se\/wp-json\/wp\/v2\/posts\/93415\/revisions"}],"wp:featuredmedia":[{"embeddable":true,"href":"https:\/\/www.europesays.com\/se\/wp-json\/wp\/v2\/media\/54"}],"wp:attachment":[{"href":"https:\/\/www.europesays.com\/se\/wp-json\/wp\/v2\/media?parent=93415"}],"wp:term":[{"taxonomy":"category","embeddable":true,"href":"https:\/\/www.europesays.com\/se\/wp-json\/wp\/v2\/categories?post=93415"},{"taxonomy":"post_tag","embeddable":true,"href":"https:\/\/www.europesays.com\/se\/wp-json\/wp\/v2\/tags?post=93415"}],"curies":[{"name":"wp","href":"https:\/\/api.w.org\/{rel}","templated":true}]}}