{"id":93425,"date":"2025-11-30T09:47:07","date_gmt":"2025-11-30T09:47:07","guid":{"rendered":"https:\/\/www.europesays.com\/se\/93425\/"},"modified":"2025-11-30T09:47:07","modified_gmt":"2025-11-30T09:47:07","slug":"idf-bekraftar-barn-dodade-i-dronarattack","status":"publish","type":"post","link":"https:\/\/www.europesays.com\/se\/93425\/","title":{"rendered":"IDF bekr\u00e4ftar: Barn d\u00f6dade i dr\u00f6narattack"},"content":{"rendered":"<p>Tv\u00e5 br\u00f6der i tio\u00e5rs\u00e5ldern d\u00f6dades p\u00e5 l\u00f6rdagen i en israelisk dr\u00f6narattack i Gazaremsan. Det uppger sjukhusk\u00e4llor och n\u00e4rst\u00e5ende enligt Reuters. <\/p>\n<p> Isrels milit\u00e4r bekr\u00e4ftade p\u00e5 s\u00f6ndagen att tre personer, tv\u00e5 av dem barn, d\u00f6dades i en dr\u00f6narattack. De n\u00e4rmade sig en grupp soldater och ans\u00e5gs d\u00e4r-f\u00f6r utg\u00f6ra ett hot. <\/p>\n<p>En farbror till pojkarna s\u00e4ger att de samlade ved i Bani Suheila n\u00e4ra den \u201dgula linjen\u201d som utg\u00f6r gr\u00e4nsen f\u00f6r Israels kontroll. Minst 352 palestinier har d\u00f6dats sedan vapen-vilan inleddes i oktober. <\/p>\n","protected":false},"excerpt":{"rendered":"Tv\u00e5 br\u00f6der i tio\u00e5rs\u00e5ldern d\u00f6dades p\u00e5 l\u00f6rdagen i en israelisk dr\u00f6narattack i Gazaremsan. Det uppger sjukhusk\u00e4llor och n\u00e4rst\u00e5ende&hellip;\n","protected":false},"author":2,"featured_media":793,"comment_status":"","ping_status":"","sticky":false,"template":"","format":"standard","meta":{"footnotes":""},"categories":[14],"tags":[22,23,26,27,17,21,24,25,28,29,15,16,18,34,31,33,32,30,19,20,51,52,53,54],"class_list":{"0":"post-93425","1":"post","2":"type-post","3":"status-publish","4":"format-standard","5":"has-post-thumbnail","7":"category-varlden","8":"tag-breaking-news","9":"tag-breakingnews","10":"tag-featured-news","11":"tag-featurednews","12":"tag-headlines","13":"tag-huvudnyheter","14":"tag-latest-news","15":"tag-latestnews","16":"tag-main-news","17":"tag-mainnews","18":"tag-news","19":"tag-nyheter","20":"tag-rubriker","21":"tag-se","22":"tag-svenska","23":"tag-sverige","24":"tag-sweden","25":"tag-swedish","26":"tag-top-stories","27":"tag-topstories","28":"tag-varlden","29":"tag-world","30":"tag-world-news","31":"tag-worldnews"},"share_on_mastodon":{"url":"https:\/\/pubeurope.com\/@se\/115638019214852171","error":""},"_links":{"self":[{"href":"https:\/\/www.europesays.com\/se\/wp-json\/wp\/v2\/posts\/93425","targetHints":{"allow":["GET"]}}],"collection":[{"href":"https:\/\/www.europesays.com\/se\/wp-json\/wp\/v2\/posts"}],"about":[{"href":"https:\/\/www.europesays.com\/se\/wp-json\/wp\/v2\/types\/post"}],"author":[{"embeddable":true,"href":"https:\/\/www.europesays.com\/se\/wp-json\/wp\/v2\/users\/2"}],"replies":[{"embeddable":true,"href":"https:\/\/www.europesays.com\/se\/wp-json\/wp\/v2\/comments?post=93425"}],"version-history":[{"count":0,"href":"https:\/\/www.europesays.com\/se\/wp-json\/wp\/v2\/posts\/93425\/revisions"}],"wp:featuredmedia":[{"embeddable":true,"href":"https:\/\/www.europesays.com\/se\/wp-json\/wp\/v2\/media\/793"}],"wp:attachment":[{"href":"https:\/\/www.europesays.com\/se\/wp-json\/wp\/v2\/media?parent=93425"}],"wp:term":[{"taxonomy":"category","embeddable":true,"href":"https:\/\/www.europesays.com\/se\/wp-json\/wp\/v2\/categories?post=93425"},{"taxonomy":"post_tag","embeddable":true,"href":"https:\/\/www.europesays.com\/se\/wp-json\/wp\/v2\/tags?post=93425"}],"curies":[{"name":"wp","href":"https:\/\/api.w.org\/{rel}","templated":true}]}}