{"id":93426,"date":"2025-11-30T09:49:11","date_gmt":"2025-11-30T09:49:11","guid":{"rendered":"https:\/\/www.europesays.com\/se\/93426\/"},"modified":"2025-11-30T09:49:11","modified_gmt":"2025-11-30T09:49:11","slug":"spelet-i-svt-vinnaren-avslojad-pa-facebook","status":"publish","type":"post","link":"https:\/\/www.europesays.com\/se\/93426\/","title":{"rendered":"\u201dSpelet\u201d i SVT \u2013 vinnaren avsl\u00f6jad p\u00e5 Facebook"},"content":{"rendered":"<p>Det sista avsnittet av \u201dSpelet\u201d s\u00e4nds p\u00e5 s\u00f6ndag klockan 20 i SVT1. I fredags sl\u00e4pptes det p\u00e5 SVT Play \u2013 d\u00e5 stod det klart att Fr\u00f6ken Snusk var den sista kvar i strategispelet och tog hem segern och 100\u00a0000 kronor.<\/p>\n<p>I ett Facebookinl\u00e4gg p\u00e5 l\u00f6rdagen publicerade SVT en bild med texten \u201dFr\u00f6ken vinner spelet!\u201d. Nu \u00e4r flera tittare uppr\u00f6rda \u00f6ver att ha f\u00e5tt vinnaren avsl\u00f6jad innan programmet s\u00e4nds linj\u00e4rt, rapporterar Aftonbladet.<\/p>\n","protected":false},"excerpt":{"rendered":"Det sista avsnittet av \u201dSpelet\u201d s\u00e4nds p\u00e5 s\u00f6ndag klockan 20 i SVT1. I fredags sl\u00e4pptes det p\u00e5 SVT&hellip;\n","protected":false},"author":2,"featured_media":93427,"comment_status":"","ping_status":"","sticky":false,"template":"","format":"standard","meta":{"footnotes":""},"categories":[5],"tags":[22,23,26,27,17,21,24,25,28,29,15,16,18,34,31,33,32,30,19,20],"class_list":{"0":"post-93426","1":"post","2":"type-post","3":"status-publish","4":"format-standard","5":"has-post-thumbnail","7":"category-rubriker","8":"tag-breaking-news","9":"tag-breakingnews","10":"tag-featured-news","11":"tag-featurednews","12":"tag-headlines","13":"tag-huvudnyheter","14":"tag-latest-news","15":"tag-latestnews","16":"tag-main-news","17":"tag-mainnews","18":"tag-news","19":"tag-nyheter","20":"tag-rubriker","21":"tag-se","22":"tag-svenska","23":"tag-sverige","24":"tag-sweden","25":"tag-swedish","26":"tag-top-stories","27":"tag-topstories"},"share_on_mastodon":{"url":"https:\/\/pubeurope.com\/@se\/115638027152675687","error":""},"_links":{"self":[{"href":"https:\/\/www.europesays.com\/se\/wp-json\/wp\/v2\/posts\/93426","targetHints":{"allow":["GET"]}}],"collection":[{"href":"https:\/\/www.europesays.com\/se\/wp-json\/wp\/v2\/posts"}],"about":[{"href":"https:\/\/www.europesays.com\/se\/wp-json\/wp\/v2\/types\/post"}],"author":[{"embeddable":true,"href":"https:\/\/www.europesays.com\/se\/wp-json\/wp\/v2\/users\/2"}],"replies":[{"embeddable":true,"href":"https:\/\/www.europesays.com\/se\/wp-json\/wp\/v2\/comments?post=93426"}],"version-history":[{"count":0,"href":"https:\/\/www.europesays.com\/se\/wp-json\/wp\/v2\/posts\/93426\/revisions"}],"wp:featuredmedia":[{"embeddable":true,"href":"https:\/\/www.europesays.com\/se\/wp-json\/wp\/v2\/media\/93427"}],"wp:attachment":[{"href":"https:\/\/www.europesays.com\/se\/wp-json\/wp\/v2\/media?parent=93426"}],"wp:term":[{"taxonomy":"category","embeddable":true,"href":"https:\/\/www.europesays.com\/se\/wp-json\/wp\/v2\/categories?post=93426"},{"taxonomy":"post_tag","embeddable":true,"href":"https:\/\/www.europesays.com\/se\/wp-json\/wp\/v2\/tags?post=93426"}],"curies":[{"name":"wp","href":"https:\/\/api.w.org\/{rel}","templated":true}]}}