{"id":93428,"date":"2025-11-30T09:54:25","date_gmt":"2025-11-30T09:54:25","guid":{"rendered":"https:\/\/www.europesays.com\/se\/93428\/"},"modified":"2025-11-30T09:54:25","modified_gmt":"2025-11-30T09:54:25","slug":"experter-ingen-boom-pa-bostadsmarknaden","status":"publish","type":"post","link":"https:\/\/www.europesays.com\/se\/93428\/","title":{"rendered":"Experter: Ingen boom p\u00e5 bostadsmarknaden"},"content":{"rendered":"<p>Bostadspriserna v\u00e4ntas stiga n\u00e4sta \u00e5r, men n\u00e5got rally l\u00e4r utebli trots kreditl\u00e4ttnader, enligt experter som DI pratat med.<\/p>\n<p>\u2013 R\u00e4ntekvoten \u00e4r fortfarande h\u00f6g. Det inneb\u00e4r att det \u00e4r f\u00f6rh\u00e5llandevis dyrare med bost\u00e4der i dag \u00e4n under \u00e5ren med l\u00e5g r\u00e4nta, vilket bromsar prisuppg\u00e5ngen, s\u00e4ger Danske Banks chefsekonom Susanne Spector.<\/p>\n<p>Samtidigt varnar bed\u00f6mare f\u00f6r att b\u00f6rsoro kan ge tillf\u00e4lliga prisnedg\u00e5ngar, men den st\u00f6rre risken ligger l\u00e4ngre fram n\u00e4r klimatkostnader och EU-krav p\u00e5 energieffektivisering v\u00e4ntas pressa marknaden.<\/p>\n<p>Omni \u00e4r politiskt obundna och oberoende. Vi str\u00e4var efter att ge fler perspektiv p\u00e5 nyheterna. Har du fr\u00e5gor eller synpunkter kring v\u00e5r rapportering? <a href=\"https:\/\/omni.se\/experter-ingen-boom-pa-bostadsmarknaden\/a\/mailto:redaktion@omni.se\" class=\"ArticleActions_contactLink__W2F1M\" rel=\"nofollow noopener\" target=\"_blank\">Kontakta redaktionen<\/a><\/p>\n","protected":false},"excerpt":{"rendered":"Bostadspriserna v\u00e4ntas stiga n\u00e4sta \u00e5r, men n\u00e5got rally l\u00e4r utebli trots kreditl\u00e4ttnader, enligt experter som DI pratat med.&hellip;\n","protected":false},"author":2,"featured_media":93429,"comment_status":"","ping_status":"","sticky":false,"template":"","format":"standard","meta":{"footnotes":""},"categories":[65],"tags":[348,72,70,71,349,34,10985,31,33,32,30],"class_list":{"0":"post-93428","1":"post","2":"type-post","3":"status-publish","4":"format-standard","5":"has-post-thumbnail","7":"category-ekonomi","8":"tag-bostadsmarknad","9":"tag-business","10":"tag-economy","11":"tag-ekonomi","12":"tag-privatekonomi","13":"tag-se","14":"tag-susanne-spector","15":"tag-svenska","16":"tag-sverige","17":"tag-sweden","18":"tag-swedish"},"share_on_mastodon":{"url":"https:\/\/pubeurope.com\/@se\/115638046737913305","error":""},"_links":{"self":[{"href":"https:\/\/www.europesays.com\/se\/wp-json\/wp\/v2\/posts\/93428","targetHints":{"allow":["GET"]}}],"collection":[{"href":"https:\/\/www.europesays.com\/se\/wp-json\/wp\/v2\/posts"}],"about":[{"href":"https:\/\/www.europesays.com\/se\/wp-json\/wp\/v2\/types\/post"}],"author":[{"embeddable":true,"href":"https:\/\/www.europesays.com\/se\/wp-json\/wp\/v2\/users\/2"}],"replies":[{"embeddable":true,"href":"https:\/\/www.europesays.com\/se\/wp-json\/wp\/v2\/comments?post=93428"}],"version-history":[{"count":0,"href":"https:\/\/www.europesays.com\/se\/wp-json\/wp\/v2\/posts\/93428\/revisions"}],"wp:featuredmedia":[{"embeddable":true,"href":"https:\/\/www.europesays.com\/se\/wp-json\/wp\/v2\/media\/93429"}],"wp:attachment":[{"href":"https:\/\/www.europesays.com\/se\/wp-json\/wp\/v2\/media?parent=93428"}],"wp:term":[{"taxonomy":"category","embeddable":true,"href":"https:\/\/www.europesays.com\/se\/wp-json\/wp\/v2\/categories?post=93428"},{"taxonomy":"post_tag","embeddable":true,"href":"https:\/\/www.europesays.com\/se\/wp-json\/wp\/v2\/tags?post=93428"}],"curies":[{"name":"wp","href":"https:\/\/api.w.org\/{rel}","templated":true}]}}