{"id":93454,"date":"2025-11-30T10:32:08","date_gmt":"2025-11-30T10:32:08","guid":{"rendered":"https:\/\/www.europesays.com\/se\/93454\/"},"modified":"2025-11-30T10:32:08","modified_gmt":"2025-11-30T10:32:08","slug":"drottning-silvia-pratar-tyska-med-barnbarnen","status":"publish","type":"post","link":"https:\/\/www.europesays.com\/se\/93454\/","title":{"rendered":"Drottning Silvia pratar tyska med barnbarnen"},"content":{"rendered":"<p>Drottning Silvia \u00e4r mycket popul\u00e4r i Tyskland, inte minst tack vare sina tyska r\u00f6tter och sitt l\u00e5ngvariga sociala engagemang. <\/p>\n<p>Hennes arbete f\u00f6r barns r\u00e4ttigheter genom Childhood Foundation har gjort henne v\u00e4lk\u00e4nd och respekterad, och hennes varma framtoning har bidragit till att skapa en stark relation till det tyska folket. <\/p>\n<p><strong>L\u00e4s ocks\u00e5:<\/strong> <a href=\"https:\/\/www.news55.se\/livsstil\/celebriteter\/sa-behaller-drottning-silvia-sin-imponerande-form-vid-81\/\" rel=\"nofollow noopener\" target=\"_blank\">S\u00e5 beh\u00e5ller Drottning Silvia sin imponerande form vid 81<\/a><\/p>\n<p>Silvia tog emot tyskt pris<\/p>\n<p>Den 25 november tog Drottningen emot Deutscher Mittelstandspreis der MIT f\u00f6r sitt engagemang f\u00f6r barnr\u00e4ttsfr\u00e5gor vid en ceremoni i Berlin.<\/p>\n<p>Under ceremonin tog Drottningen emot priset av Tysklands f\u00f6rbundskansler Friedrich Merz.<\/p>\n<p><img loading=\"lazy\" decoding=\"async\" width=\"1024\" height=\"729\" src=\"https:\/\/www.europesays.com\/se\/wp-content\/uploads\/2025\/11\/silvia-1024x729.jpg\" alt=\"\" class=\"wp-image-1164814\"  \/>Tysklands f\u00f6rbundskansler \u00f6verr\u00e4ckte priset till Drottningen. Foto: Kungahuset\/Tobias Koch<\/p>\n<p>Priset till\u00e4gnades Drottningen f\u00f6r hennes \u201couttr\u00f6ttliga engagemang, s\u00e4rskilt f\u00f6r de mest utsatta i samh\u00e4llet. Genom World Childhood Foundation f\u00f6respr\u00e5kar Drottningen barns r\u00e4ttigheter \u00f6ver hela v\u00e4rlden. Genom detta \u00e4r Drottningen en f\u00f6rebild f\u00f6r samh\u00e4llet som helhet\u201d, rapporterar <a href=\"https:\/\/www.kungahuset.se\/arkiv\/nyheter\/2025-11-25-drottningen-tog-emot-pris-for-sitt-barnrattsengagemang\" rel=\"nofollow noopener\" target=\"_blank\">Kungahuset<\/a>.<\/p>\n<p>\u201cVi tyskar tog dig till v\u00e5ra hj\u00e4rtan mycket tidigt. Du utstr\u00e5lar b\u00e5de naturlig elegans och v\u00e4rme\u201d, sa f\u00f6rbundskanslern.<\/p>\n","protected":false},"excerpt":{"rendered":"Drottning Silvia \u00e4r mycket popul\u00e4r i Tyskland, inte minst tack vare sina tyska r\u00f6tter och sitt l\u00e5ngvariga sociala&hellip;\n","protected":false},"author":2,"featured_media":93455,"comment_status":"","ping_status":"","sticky":false,"template":"","format":"standard","meta":{"footnotes":""},"categories":[67],"tags":[10996,104,1943,1910,4661,2421,34,31,33,32,30,408,105],"class_list":{"0":"post-93454","1":"post","2":"type-post","3":"status-publish","4":"format-standard","5":"has-post-thumbnail","7":"category-underhallning","8":"tag-drottning-silvia","9":"tag-entertainment","10":"tag-kronprinsessan-victoria","11":"tag-kungahuset","12":"tag-prins-carl-philip","13":"tag-prinsessan-madeleine","14":"tag-se","15":"tag-svenska","16":"tag-sverige","17":"tag-sweden","18":"tag-swedish","19":"tag-tyskland","20":"tag-underhallning"},"share_on_mastodon":{"url":"https:\/\/pubeurope.com\/@se\/115638196361710354","error":""},"_links":{"self":[{"href":"https:\/\/www.europesays.com\/se\/wp-json\/wp\/v2\/posts\/93454","targetHints":{"allow":["GET"]}}],"collection":[{"href":"https:\/\/www.europesays.com\/se\/wp-json\/wp\/v2\/posts"}],"about":[{"href":"https:\/\/www.europesays.com\/se\/wp-json\/wp\/v2\/types\/post"}],"author":[{"embeddable":true,"href":"https:\/\/www.europesays.com\/se\/wp-json\/wp\/v2\/users\/2"}],"replies":[{"embeddable":true,"href":"https:\/\/www.europesays.com\/se\/wp-json\/wp\/v2\/comments?post=93454"}],"version-history":[{"count":0,"href":"https:\/\/www.europesays.com\/se\/wp-json\/wp\/v2\/posts\/93454\/revisions"}],"wp:featuredmedia":[{"embeddable":true,"href":"https:\/\/www.europesays.com\/se\/wp-json\/wp\/v2\/media\/93455"}],"wp:attachment":[{"href":"https:\/\/www.europesays.com\/se\/wp-json\/wp\/v2\/media?parent=93454"}],"wp:term":[{"taxonomy":"category","embeddable":true,"href":"https:\/\/www.europesays.com\/se\/wp-json\/wp\/v2\/categories?post=93454"},{"taxonomy":"post_tag","embeddable":true,"href":"https:\/\/www.europesays.com\/se\/wp-json\/wp\/v2\/tags?post=93454"}],"curies":[{"name":"wp","href":"https:\/\/api.w.org\/{rel}","templated":true}]}}