{"id":93456,"date":"2025-11-30T10:37:20","date_gmt":"2025-11-30T10:37:20","guid":{"rendered":"https:\/\/www.europesays.com\/se\/93456\/"},"modified":"2025-11-30T10:37:20","modified_gmt":"2025-11-30T10:37:20","slug":"iivo-niskanen-kom-aldrig-till-start-langdskidor","status":"publish","type":"post","link":"https:\/\/www.europesays.com\/se\/93456\/","title":{"rendered":"Iivo Niskanen kom aldrig till start | L\u00e4ngdskidor"},"content":{"rendered":"<p>Publicerad 30 nov 2025 kl 10.14Uppdaterad kl 11.29<\/p>\n<p>Herrarnas masstart i Ruka skulle precis dra i g\u00e5ng.<\/p>\n<p>D\u00e5 f\u00f6rsvann pl\u00f6tsligt hemmastj\u00e4rnan Iivo Niskanen \u2013 som aldrig kom till start.<\/p>\n<p>\u2013 Ett avbr\u00e4ck, s\u00e4ger Viaplays expert Johan Olsson.<\/p>\n<p><img   alt=\"\"\/> <\/p>\n<p>Foto: KALLE PARKKINEN \/ BILDBYR\u00c5N<\/p>\n<p>\u00d6ppna bild i helsk\u00e4rm<\/p>\n<p>Iivo Niskanen slutade femma i fredagens klassiska millopp som inledde v\u00e4rldscupss\u00e4songen.<\/p>\n<p>Den finske stj\u00e4rnan var anm\u00e4ld till s\u00f6ndagens 20 kilometers masstart i fristil och v\u00e4rmde upp p\u00e5 arenan i Ruka. Men n\u00e4r startskottet gick var Niskanen mystiskt f\u00f6rsvunnen.<\/p>\n<p>\u2013 Iivo v\u00e4rmde upp och hans skidor stod redo f\u00f6r start, men sen d\u00f6k han inte upp. Han sa cirka 20 minuter innan start att han inte var hundra p\u00e5 att t\u00e4vla, s\u00e4ger Viaplays finska expert Sami Jauhoj\u00e4rvi.<\/p>\n<p>N\u00e5gra minuter efter starten meddelade arrang\u00f6rerna att Iivo Niskanen strukit sig fr\u00e5n loppet. Anledningen bakom avhoppet \u00e4r oklart.<\/p>\n<p>\u2013 Iivo \u00e4r ju s\u00e5 d\u00e4r, k\u00e4nns inte allt perfekt kan han bara skita i det. I dag \u00e4r det ju s\u00e5 snabbt f\u00f6re att han v\u00e4l k\u00e4nde att han skulle vara chansl\u00f6s, s\u00e4ger Jari Isomets\u00e4, expert p\u00e5 finska MTV.<\/p>\n<p>Under loppet fick Iltasanomat tag i Niskanen p\u00e5 stadion.<\/p>\n<p>\u2013 Saker och ting \u00e4r inte riktigt i balans, jag kan inte s\u00e4ga mer, s\u00e4ger <a href=\"https:\/\/www.is.fi\/maastohiihto\/art-2000011660088.html\" rel=\"nofollow noopener\" target=\"_blank\">han till sajten.<\/a><\/p>\n<p>Texten uppdateras.<\/p>\n","protected":false},"excerpt":{"rendered":"Publicerad 30 nov 2025 kl 10.14Uppdaterad kl 11.29 Herrarnas masstart i Ruka skulle precis dra i g\u00e5ng. D\u00e5&hellip;\n","protected":false},"author":2,"featured_media":93457,"comment_status":"","ping_status":"","sticky":false,"template":"","format":"standard","meta":{"footnotes":""},"categories":[5],"tags":[22,23,26,27,17,21,24,25,28,29,15,16,18,34,857,31,33,32,30,19,20],"class_list":{"0":"post-93456","1":"post","2":"type-post","3":"status-publish","4":"format-standard","5":"has-post-thumbnail","7":"category-rubriker","8":"tag-breaking-news","9":"tag-breakingnews","10":"tag-featured-news","11":"tag-featurednews","12":"tag-headlines","13":"tag-huvudnyheter","14":"tag-latest-news","15":"tag-latestnews","16":"tag-main-news","17":"tag-mainnews","18":"tag-news","19":"tag-nyheter","20":"tag-rubriker","21":"tag-se","22":"tag-sections-langdskidor","23":"tag-svenska","24":"tag-sverige","25":"tag-sweden","26":"tag-swedish","27":"tag-top-stories","28":"tag-topstories"},"share_on_mastodon":{"url":"https:\/\/pubeurope.com\/@se\/115638215824549408","error":""},"_links":{"self":[{"href":"https:\/\/www.europesays.com\/se\/wp-json\/wp\/v2\/posts\/93456","targetHints":{"allow":["GET"]}}],"collection":[{"href":"https:\/\/www.europesays.com\/se\/wp-json\/wp\/v2\/posts"}],"about":[{"href":"https:\/\/www.europesays.com\/se\/wp-json\/wp\/v2\/types\/post"}],"author":[{"embeddable":true,"href":"https:\/\/www.europesays.com\/se\/wp-json\/wp\/v2\/users\/2"}],"replies":[{"embeddable":true,"href":"https:\/\/www.europesays.com\/se\/wp-json\/wp\/v2\/comments?post=93456"}],"version-history":[{"count":0,"href":"https:\/\/www.europesays.com\/se\/wp-json\/wp\/v2\/posts\/93456\/revisions"}],"wp:featuredmedia":[{"embeddable":true,"href":"https:\/\/www.europesays.com\/se\/wp-json\/wp\/v2\/media\/93457"}],"wp:attachment":[{"href":"https:\/\/www.europesays.com\/se\/wp-json\/wp\/v2\/media?parent=93456"}],"wp:term":[{"taxonomy":"category","embeddable":true,"href":"https:\/\/www.europesays.com\/se\/wp-json\/wp\/v2\/categories?post=93456"},{"taxonomy":"post_tag","embeddable":true,"href":"https:\/\/www.europesays.com\/se\/wp-json\/wp\/v2\/tags?post=93456"}],"curies":[{"name":"wp","href":"https:\/\/api.w.org\/{rel}","templated":true}]}}